{"id":62148,"date":"2023-11-16T18:03:22","date_gmt":"2023-11-17T00:03:22","guid":{"rendered":"http:\/\/www.zonaroja.com.mx\/?p=62148"},"modified":"2023-11-16T18:03:24","modified_gmt":"2023-11-17T00:03:24","slug":"ahora-neri-arna-protesta-de-ambulantes-priistas-contra-observatorio-ciudadano","status":"publish","type":"post","link":"https:\/\/zonaroja.com.mx\/?p=62148","title":{"rendered":"Ahora Neri arna protesta de ambulantes priistas contra Observatorio Ciudadano\u00a0"},"content":{"rendered":"\n<p>Yuridiana Sosa\/Zona Roja. &nbsp;<\/p>\n\n\n\n<p>Oaxaca de Ju\u00e1rez, Oax., a 16 de noviembre de 2023.- Comerciantes ambulantes de la capital, organizados por el secretario de Gobierno del ayuntamiento de Oaxaca, Felipe Canseco Ruiz, se manifestaron contra el rechazo del comercio establecido para la autorizaci\u00f3n de permisos a puestos en la v\u00eda p\u00fablica.&nbsp;<\/p>\n\n\n\n<p>En la protesta participaron las lideresas del sector ambulante, Carmela Luj\u00e1n, Yolanda Ortega y Patricia Cuevas Lorenzana, entre otros, quienes con su grupo de vendedores priistas se reunieron frente a Santo Domingo de Guzm\u00e1n, para despu\u00e9s desplazarse en marcha al z\u00f3calo y posteriormente a palacio municipal.&nbsp;<\/p>\n\n\n\n<p>En su recorrido, luego de colocar un \u201ctendedero\u201d, los comerciantes informales se presentaron como artesanos que solicitan permisos de forma extraordinaria para tener ventas por algunos d\u00edas, principalmente durante fechas festivas, mientras que se\u00f1alaron avaricia de los comercios establecidos y del Observatorio Ciudadano que exigen que no se les permitan sus ventas.&nbsp;<\/p>\n\n\n\n<p>Se trata del mismo grupo de vendedores ambulantes que el pasado 13 de julio se enfrent\u00f3 con vecinos y comerciantes del Centro Hist\u00f3rico en plena sesi\u00f3n de Cabildo, tambi\u00e9n por la disputa de espacios en el centro de la ciudad y en las ferias. &nbsp;<\/p>\n\n\n\n<p>Tambi\u00e9n en aquella ocasi\u00f3n alentados por el secretario de Gobierno Municipal, Felipe Canseco Ruiz. &nbsp;<\/p>\n\n\n\n<p>LA REVANCHA&nbsp;<\/p>\n\n\n\n<p>Como parte de su manifestaci\u00f3n, el grupo de inconformes coloc\u00f3 un \u201ctendedero\u201d de denuncia contra los integrantes del Observatorio Ciudadano, formado por representantes del sector comercial establecido del Centro Hist\u00f3rico, tal como este grupo lo hizo en d\u00edas pasados contra los integrantes del Cabildo de Francisco Mart\u00ednez Neri.&nbsp;<\/p>\n\n\n\n<p>Frente a palacio de gobierno, en el z\u00f3calo, tendieron las fotograf\u00edas de sus adversarios, a las que agregaron la leyenda de \u201cratero\u201d, entre ellas de Ricardo Leyva y Esther Merino.<\/p>\n\n\n\n<p>La supuesta manifestaci\u00f3n se desplaz\u00f3 al palacio municipal, donde fueron recibidos por el edil Mart\u00ednez Neri, quien d\u00edas antes se hab\u00eda ausentado de la sesi\u00f3n de cabildo por manifestaci\u00f3n de otras organizaciones y tambi\u00e9n buscado por los integrantes del Observatorio Ciudadano. &nbsp;<\/p>\n\n\n\n<p>Tras el recibimiento, en el que no hubo m\u00e1s reclamos, la protesta se desintegr\u00f3 y su participaci\u00f3n fue reconocida por Canseco Ruiz, quien el mismo pasillo y a la vista de los asistentes, atendi\u00f3 a las lideresas de ambulantes que organizaron la movilizaci\u00f3n.<\/p>\n\n\n\n<p>OTRAS PROTESTAS &nbsp;<\/p>\n\n\n\n<p>Por otra parte trabajadores del Consejo Nacional de Fomento Educativo (Conafe) se manifestaron con un bloqueo y \u201ctoma\u201d de oficinas en la capital del estado y en la regi\u00f3n del Istmo, por el despido injustificado de casi una treintena de docentes en la entidad.&nbsp;<\/p>\n\n\n\n<p>Varios de los afectados&nbsp;se\u00f1alaron, cuentan con m\u00e1s de 15 a\u00f1os de servicio, sin embargo, sus contratos continuaron como eventuales, por lo que exigen su reinstalaci\u00f3n. &nbsp;<\/p>\n\n\n\n<p>En la regi\u00f3n del Istmo, los ex trabajadores del Conafe instalaron un bloqueo carretero en el puente de fierro de Tehuantepec, sobre la carretera 185 Trans\u00edstmica.&nbsp;<\/p>\n\n\n\n<p>Por otra parte, ciudadanos activaron un bloqueo sobre carretera costera en el tramo Salina Cruz-Huatulco, a la altura de la poblaci\u00f3n de Morro Mazat\u00e1n en rechazo a la liberaci\u00f3n de un masculino, acusado por presuntamente cometer abuso sexual contra una menor de nueve a\u00f1os, por lo que exigen justicia y su reaprehensi\u00f3n. &nbsp;<\/p>\n\n\n\n<p>En tanto que en Juchit\u00e1n de Zaragoza, alumnas de la Secundaria 113 de la agencia de La Ventosa, denunciaron la amenaza de muerte en su contra v\u00eda redes sociales dentro de la instituci\u00f3n de forma an\u00f3nima. &nbsp;<\/p>\n\n\n\n<p>El hecho provoc\u00f3 la preocupaci\u00f3n del estudiantado y de los padres de familia, quienes no descartan llevar a cabo movilizaciones para exigir mayor seguridad en el plantel y la destituci\u00f3n de directivos por ignorar la denuncia de las j\u00f3venes.&nbsp;<\/p>\n\n\n\n<p>Dentro de la instituci\u00f3n, en uno de los ba\u00f1os, apareci\u00f3 la leyenda \u201clista a matar\u201d, en la que se menciona a un grupo espec\u00edfico de alumnas.<\/p>\n","protected":false},"excerpt":{"rendered":"<p>Yuridiana Sosa\/Zona Roja. &nbsp; Oaxaca de Ju\u00e1rez, Oax., a 16 de noviembre de 2023.- Comerciantes&hellip;<\/p>\n","protected":false},"author":2,"featured_media":62149,"comment_status":"closed","ping_status":"open","sticky":false,"template":"","format":"standard","meta":{"_lmt_disableupdate":"","_lmt_disable":"","_jetpack_memberships_contains_paid_content":false,"footnotes":""},"categories":[109,47],"tags":[148],"class_list":["post-62148","post","type-post","status-publish","format-standard","has-post-thumbnail","hentry","category-minuto-a-minuto","category-zona-gris","tag-oaxaca-de-juarez"],"jetpack_featured_media_url":"https:\/\/zonaroja.com.mx\/wp-content\/uploads\/2023\/11\/Marcha-ambulantes-ciudad-de-Oaxaca.jpg","jetpack_sharing_enabled":true,"_links":{"self":[{"href":"https:\/\/zonaroja.com.mx\/index.php?rest_route=\/wp\/v2\/posts\/62148","targetHints":{"allow":["GET"]}}],"collection":[{"href":"https:\/\/zonaroja.com.mx\/index.php?rest_route=\/wp\/v2\/posts"}],"about":[{"href":"https:\/\/zonaroja.com.mx\/index.php?rest_route=\/wp\/v2\/types\/post"}],"author":[{"embeddable":true,"href":"https:\/\/zonaroja.com.mx\/index.php?rest_route=\/wp\/v2\/users\/2"}],"replies":[{"embeddable":true,"href":"https:\/\/zonaroja.com.mx\/index.php?rest_route=%2Fwp%2Fv2%2Fcomments&post=62148"}],"version-history":[{"count":1,"href":"https:\/\/zonaroja.com.mx\/index.php?rest_route=\/wp\/v2\/posts\/62148\/revisions"}],"predecessor-version":[{"id":62150,"href":"https:\/\/zonaroja.com.mx\/index.php?rest_route=\/wp\/v2\/posts\/62148\/revisions\/62150"}],"wp:featuredmedia":[{"embeddable":true,"href":"https:\/\/zonaroja.com.mx\/index.php?rest_route=\/wp\/v2\/media\/62149"}],"wp:attachment":[{"href":"https:\/\/zonaroja.com.mx\/index.php?rest_route=%2Fwp%2Fv2%2Fmedia&parent=62148"}],"wp:term":[{"taxonomy":"category","embeddable":true,"href":"https:\/\/zonaroja.com.mx\/index.php?rest_route=%2Fwp%2Fv2%2Fcategories&post=62148"},{"taxonomy":"post_tag","embeddable":true,"href":"https:\/\/zonaroja.com.mx\/index.php?rest_route=%2Fwp%2Fv2%2Ftags&post=62148"}],"curies":[{"name":"wp","href":"https:\/\/api.w.org\/{rel}","templated":true}]}}