{"id":6215,"date":"2019-11-30T10:31:39","date_gmt":"2019-11-30T16:31:39","guid":{"rendered":"http:\/\/www.zonaroja.com.mx\/?p=6215"},"modified":"2019-11-29T22:41:28","modified_gmt":"2019-11-30T04:41:28","slug":"central-de-abasto-entre-la-incidencia-delictiva-y-la-falta-de-seguridad","status":"publish","type":"post","link":"https:\/\/zonaroja.com.mx\/?p=6215","title":{"rendered":"Central de Abasto, entre la incidencia delictiva y la falta de seguridad"},"content":{"rendered":"\n<p>Evlin Arag\u00f3n\/Zona Roja.<\/p>\n\n\n\n<p>Oaxaca de Ju\u00e1rez, Oax., 30 de noviembre\nde 2019.- La Central de Abasto es la zona comercial popular m\u00e1s importante de\nla entidad oaxaque\u00f1a. <\/p>\n\n\n\n<p>Ah\u00ed se congregan alrededor de 15 mil\ncomerciantes y clientes; es tambi\u00e9n uno de los puntos m\u00e1s inseguros en la\ncapital del estado, reconocido incluso por las propias autoridades municipales.<\/p>\n\n\n\n<p>La constante afluencia de personas, as\u00ed\ncomo la circulaci\u00f3n de dinero y veh\u00edculos del trasporte p\u00fablico la convierten\nen la zona de m\u00e1s dif\u00edcil acceso para elementos de seguridad quienes muchas\nveces a pesar de los llamados de auxilio no pueden ingresar a la zona.<\/p>\n\n\n\n<p>Los asaltos, venta de droga y la violencia\nest\u00e1n a la orden del d\u00eda en la zona donde adem\u00e1s tambi\u00e9n existen conflictos\nentre grupos de comerciantes establecidos y ambulantes adheridos a diversas\nagrupaciones que hacen la convivencia cada m\u00e1s complicada, en los \u00faltimos meses\nincluso se han registrado dos enfrentamientos armado en la zona.<\/p>\n\n\n\n<p>EJECUCIONES<\/p>\n\n\n\n<p>El pasado 4 de marzo, un muerto y tres\npersonas lesionadas por disparos de arma de fuego, fue el saldo de un\nenfrentamiento armado en inmediaciones de la Central de Abasto, el mercado \u201cL\u00e1zaro\nC\u00e1rdenas\u201d y riberas del r\u00edo \u201cAtoyac\u201d, que protagonizaron integrantes del\nsindicato Libertad y de la Confederaci\u00f3n Aut\u00f3noma de Trabajadores y Empleados\nde M\u00e9xico (CATEM).<\/p>\n\n\n\n<p>De acuerdo con testigos de los hechos,\nuna persona herida de bala qued\u00f3 tendida en el mercado \u201cL\u00e1zaro C\u00e1rdenas\u201d, otra\nv\u00edctima fue lesionada en el sector de las bodegas de frutas y cerca del puente\nValerio Trujano cayeron otros agredidos por proyectiles de armas de fuego.<\/p>\n\n\n\n<p>Tres meses despu\u00e9s, el 2 de junio pasado,\nagremiados de un grupo de transportistas se encontraban realizando tequio en\npredios ubicados en el borde del r\u00edo \u201cAtoyac\u201d cuando sujetos desconocidos a\nbordo de diferentes unidades de motor dispararon en su contra, dejando como\nsaldo un muerto tendido en el asfalto y varios heridos que se movilizaron a\nrecibir atenci\u00f3n m\u00e9dica por sus propios medios.<\/p>\n\n\n\n<p>RECUPERACI\u00d3N<\/p>\n\n\n\n<p>Tras los hechos, se instal\u00f3 un m\u00f3dulo de\nseguridad encabezado por elementos de la Polic\u00eda Estatal y Guardia Nacional\npara recuperar los terrenos y mantener el orden en la zona, sin embargo a la fecha\ncada vez es menos notoria la presencia policiaca en la zona y en consecuencia\nlos \u00edndices delictivos no descienden.<\/p>\n\n\n\n<p>En julio, el gobernador Alejandro Murat\nHinojosa hizo presencia en la zona en donde se comprometi\u00f3 a recuperar el\nespacio y arrebat\u00e1rselo a la delincuencia. <\/p>\n\n\n\n<p>\u201cA la Central de Abasto de la ciudad de\nOaxaca ya lleg\u00f3 la autoridad y no se permitir\u00e1n m\u00e1s actos delictivos\u201d, dijo en\nel marco de su recorrido en el que estuvo acompa\u00f1ado de funcionarios p\u00fablicos y\ncomerciantes.<\/p>\n\n\n\n<p>Mientras que el pasado mes de agosto el\nedil de Oaxaca de Ju\u00e1rez, Oswaldo Garc\u00eda Jarqu\u00edn, reconoci\u00f3 que en materia de\nseguridad el Mercado de Abasto sigue siendo el principal foco de atenci\u00f3n, por\nlo que en los primeros siete meses de su administraci\u00f3n ha implementado 734\noperativos y se han detenido mil 084 personas de las cuales solo 91 fueron\nconsignadas a la Fiscal\u00eda General del Estado, mientras el resto s\u00f3lo fue\nconsignada por faltas administrativas.<\/p>\n\n\n\n<p>No obstante, pese a la recuperaci\u00f3n de\nlos playones del r\u00edo \u201cAtoyac\u201d, del supuesto incremento de polic\u00edas, de la\ninstalaci\u00f3n de m\u00f3dulos y de los constantes recorridos, la droga y las\nextorsiones siguen reinando.<\/p>\n\n\n\n<p>Apenas el 17 de noviembre anterior, dos\npersonas que se dedicaban a extorsionar a comerciantes en la zona del Mercado\nde Abasto y que se hac\u00edan pasar como integrantes del C\u00e1rtel de Jalisco Nueva\nGeneraci\u00f3n fueron detenidos por elementos de la Agencia Estatal de\nInvestigaciones.<\/p>\n\n\n\n<p>De acuerdo con el reporte, se trata del se\u00f1or\nGuillermo Samuel y su yerno Erick, quienes acudieron a cobrar el dinero de una\nextorsi\u00f3n cuando fueron detenidos por elementos de la Agencia Estatal de Investigaciones.\nFueron vinculados a proceso y hasta el momento no se ha definido su situaci\u00f3n\njur\u00eddica. <\/p>\n","protected":false},"excerpt":{"rendered":"<p>Evlin Arag\u00f3n\/Zona Roja. Oaxaca de Ju\u00e1rez, Oax., 30 de noviembre de 2019.- La Central de&hellip;<\/p>\n","protected":false},"author":2,"featured_media":6216,"comment_status":"closed","ping_status":"open","sticky":false,"template":"","format":"standard","meta":{"_lmt_disableupdate":"","_lmt_disable":"","_jetpack_memberships_contains_paid_content":false,"footnotes":""},"categories":[109,51],"tags":[1077],"class_list":["post-6215","post","type-post","status-publish","format-standard","has-post-thumbnail","hentry","category-minuto-a-minuto","category-zona-roja","tag-mercado-de-abasto-ciudad-de-oaxaca"],"jetpack_featured_media_url":"https:\/\/zonaroja.com.mx\/wp-content\/uploads\/2019\/11\/IMG_9647.jpg","jetpack_sharing_enabled":true,"_links":{"self":[{"href":"https:\/\/zonaroja.com.mx\/index.php?rest_route=\/wp\/v2\/posts\/6215","targetHints":{"allow":["GET"]}}],"collection":[{"href":"https:\/\/zonaroja.com.mx\/index.php?rest_route=\/wp\/v2\/posts"}],"about":[{"href":"https:\/\/zonaroja.com.mx\/index.php?rest_route=\/wp\/v2\/types\/post"}],"author":[{"embeddable":true,"href":"https:\/\/zonaroja.com.mx\/index.php?rest_route=\/wp\/v2\/users\/2"}],"replies":[{"embeddable":true,"href":"https:\/\/zonaroja.com.mx\/index.php?rest_route=%2Fwp%2Fv2%2Fcomments&post=6215"}],"version-history":[{"count":1,"href":"https:\/\/zonaroja.com.mx\/index.php?rest_route=\/wp\/v2\/posts\/6215\/revisions"}],"predecessor-version":[{"id":6217,"href":"https:\/\/zonaroja.com.mx\/index.php?rest_route=\/wp\/v2\/posts\/6215\/revisions\/6217"}],"wp:featuredmedia":[{"embeddable":true,"href":"https:\/\/zonaroja.com.mx\/index.php?rest_route=\/wp\/v2\/media\/6216"}],"wp:attachment":[{"href":"https:\/\/zonaroja.com.mx\/index.php?rest_route=%2Fwp%2Fv2%2Fmedia&parent=6215"}],"wp:term":[{"taxonomy":"category","embeddable":true,"href":"https:\/\/zonaroja.com.mx\/index.php?rest_route=%2Fwp%2Fv2%2Fcategories&post=6215"},{"taxonomy":"post_tag","embeddable":true,"href":"https:\/\/zonaroja.com.mx\/index.php?rest_route=%2Fwp%2Fv2%2Ftags&post=6215"}],"curies":[{"name":"wp","href":"https:\/\/api.w.org\/{rel}","templated":true}]}}