{"id":62151,"date":"2023-11-16T18:43:00","date_gmt":"2023-11-17T00:43:00","guid":{"rendered":"http:\/\/www.zonaroja.com.mx\/?p=62151"},"modified":"2023-11-16T18:43:02","modified_gmt":"2023-11-17T00:43:02","slug":"indagan-asesinato-de-fotoperiodista-ismael-villagomez-en-chihuahua","status":"publish","type":"post","link":"https:\/\/zonaroja.com.mx\/?p=62151","title":{"rendered":"Indagan asesinato de fotoperiodista Ismael Villag\u00f3mez en Chihuahua"},"content":{"rendered":"\n<p>Redacci\u00f3n\/Zona Roja Cdmx.<\/p>\n\n\n\n<p>Ciudad de M\u00e9xico, a 16 de noviembre de 2023.- Autoridades de la Fiscal\u00eda de Chihuahua confirmaron el homicidio de Ismael Villag\u00f3mez Tapia, quien era conocido por sus colegas como \u201cEl Tiger\u201d,&nbsp; ejecutado durante la madrugada de este 16 de noviembre a bordo de su autom\u00f3vil en la colonia Fronteriza Alta.<\/p>\n\n\n\n<p>Al parecer, la identidad del fotoperiodista fue confirmada en el lugar por compa\u00f1eros que hab\u00edan acudido para cubrir el crimen.<\/p>\n\n\n\n<p>Versiones extraoficiales aseguran que \u201cEl Tiger\u201d fue atacado a tiros mientras circulaba en su veh\u00edculo marca Hyundai color gris.<\/p>\n\n\n\n<p>Estas mismas versiones aseguraban que Ismael Villag\u00f3mez habr\u00eda recibido disparos en el costado izquierdo, el cuello y la cabeza. En tanto, la Fiscal\u00eda ratific\u00f3 que \u201cEl Tiger\u201d ten\u00eda un impacto de bala en el ojo izquierdo.<\/p>\n\n\n\n<p>En tanto, vecinos de la zona escucharon cerca de 10 detonaciones de arma de fuego y lo reportaron a la polic\u00eda local poco antes de las dos de la ma\u00f1ana.<\/p>\n\n\n\n<p>Tras darse a conocer el asesinato de \u201cEl Tiger\u201d, varios periodistas exigieron el esclarecimiento del homicidio a las autoridades a trav\u00e9s de sus redes sociales.<\/p>\n\n\n\n<p>\u201cAmigo m\u00edo de muchos a\u00f1os, querido por todo el gremio en Cd. Ju\u00e1rez, fue asesinado esta madrugada a bordo de su auto en la colonia Francisco Sarabia\u201d, escribi\u00f3 el reportero Luis Cardona en su cuenta X.<\/p>\n\n\n\n<p>Con la muerte de Ismael Villag\u00f3mez suman siete periodistas asesinados en lo que va del 2023. Mientras que en el 2022, se report\u00f3 el homicidio de 15 profesionales de los medios de comunicaci\u00f3n, a\u00f1o considerado como el m\u00e1s mort\u00edfero para la prensa mexicana en al menos tres d\u00e9cadas, de acuerdo con la revista \u201cProceso\u201d.<\/p>\n\n\n\n<p>Tras el homicidio del fotoperiodista Ismael Villag\u00f3mez, el fiscal de Distrito Zona Norte de Chihuahua, Carlos Manuel Salas, no descart\u00f3 ninguna l\u00ednea de investigaci\u00f3n en el asesinato para \u201cver si es posible encontrar\u201d a los responsables.<\/p>\n\n\n\n<p>Se\u00f1al\u00f3 que se investiga a fondo el caso, como el aspecto cient\u00edfico forense, huellas, la ruta del veh\u00edculo y si hab\u00eda c\u00e1maras que les puedan ayudar.<\/p>\n\n\n\n<p>El fiscal asegur\u00f3 que no se encontr\u00f3 ning\u00fan casquillo en la zona donde encontraron el cuerpo de Ismael Villag\u00f3mez y s\u00f3lo se encontr\u00f3 un orificio en el carro. \u201cUn s\u00f3lo balazo\u201d, dijo.<\/p>\n\n\n\n<p>Confirm\u00f3 que el reportero gr\u00e1fico del medio \u201cEl Heraldo de Ju\u00e1rez\u201d se ayudaba trabajando en la plataforma de taxi por aplicaci\u00f3n y al momento de su asesinato \u201cestaba trabajando en la plataforma\u201d.<\/p>\n\n\n\n<p>(Informaci\u00f3n de Infobae M\u00e9xico)<\/p>\n","protected":false},"excerpt":{"rendered":"<p>Redacci\u00f3n\/Zona Roja Cdmx. Ciudad de M\u00e9xico, a 16 de noviembre de 2023.- Autoridades de la&hellip;<\/p>\n","protected":false},"author":2,"featured_media":62152,"comment_status":"closed","ping_status":"open","sticky":false,"template":"","format":"standard","meta":{"_lmt_disableupdate":"","_lmt_disable":"","_jetpack_memberships_contains_paid_content":false,"footnotes":""},"categories":[109,51],"tags":[1016,3733],"class_list":["post-62151","post","type-post","status-publish","format-standard","has-post-thumbnail","hentry","category-minuto-a-minuto","category-zona-roja","tag-asesinato-de-periodistas-en-mexico","tag-ismael-villagomez-tapia"],"jetpack_featured_media_url":"https:\/\/zonaroja.com.mx\/wp-content\/uploads\/2023\/11\/Ismael-Villagomez.jpg","jetpack_sharing_enabled":true,"_links":{"self":[{"href":"https:\/\/zonaroja.com.mx\/index.php?rest_route=\/wp\/v2\/posts\/62151","targetHints":{"allow":["GET"]}}],"collection":[{"href":"https:\/\/zonaroja.com.mx\/index.php?rest_route=\/wp\/v2\/posts"}],"about":[{"href":"https:\/\/zonaroja.com.mx\/index.php?rest_route=\/wp\/v2\/types\/post"}],"author":[{"embeddable":true,"href":"https:\/\/zonaroja.com.mx\/index.php?rest_route=\/wp\/v2\/users\/2"}],"replies":[{"embeddable":true,"href":"https:\/\/zonaroja.com.mx\/index.php?rest_route=%2Fwp%2Fv2%2Fcomments&post=62151"}],"version-history":[{"count":1,"href":"https:\/\/zonaroja.com.mx\/index.php?rest_route=\/wp\/v2\/posts\/62151\/revisions"}],"predecessor-version":[{"id":62153,"href":"https:\/\/zonaroja.com.mx\/index.php?rest_route=\/wp\/v2\/posts\/62151\/revisions\/62153"}],"wp:featuredmedia":[{"embeddable":true,"href":"https:\/\/zonaroja.com.mx\/index.php?rest_route=\/wp\/v2\/media\/62152"}],"wp:attachment":[{"href":"https:\/\/zonaroja.com.mx\/index.php?rest_route=%2Fwp%2Fv2%2Fmedia&parent=62151"}],"wp:term":[{"taxonomy":"category","embeddable":true,"href":"https:\/\/zonaroja.com.mx\/index.php?rest_route=%2Fwp%2Fv2%2Fcategories&post=62151"},{"taxonomy":"post_tag","embeddable":true,"href":"https:\/\/zonaroja.com.mx\/index.php?rest_route=%2Fwp%2Fv2%2Ftags&post=62151"}],"curies":[{"name":"wp","href":"https:\/\/api.w.org\/{rel}","templated":true}]}}