{"id":62154,"date":"2023-11-16T21:38:20","date_gmt":"2023-11-17T03:38:20","guid":{"rendered":"http:\/\/www.zonaroja.com.mx\/?p=62154"},"modified":"2023-11-16T21:38:22","modified_gmt":"2023-11-17T03:38:22","slug":"recula-cabildo-de-neri-sobre-dictamen-para-permisos-de-construccion-en-areas-protegidas","status":"publish","type":"post","link":"https:\/\/zonaroja.com.mx\/?p=62154","title":{"rendered":"Recula Cabildo de Neri sobre dictamen para permisos de construcci\u00f3n en \u00e1reas protegidas \u00a0"},"content":{"rendered":"\n<p>Yuridiana Sosa\/Zona Roja.&nbsp;<\/p>\n\n\n\n<p>Oaxaca de Ju\u00e1rez, Oax., a 16 de noviembre de 2023.- El gobierno municipal de Francisco Mart\u00ednez Neri dio reversa a sus planes de eliminar la prohibici\u00f3n de regularizar predios en las faldas de los cerros del \u201cCrest\u00f3n\u201d y del \u201cFort\u00edn\u201d.&nbsp;<\/p>\n\n\n\n<p>Este jueves,&nbsp;el dictamen n\u00famero CMACC\/COPDU\/001\/2023, suscrito por integrantes de las Comisiones Conjuntas de Medio ambiente y Cambio Clim\u00e1tico y de Obras P\u00fablicas y Desarrollo Urbano, fue contemplado en la orden del d\u00eda de la sesi\u00f3n de Cabildo para su aprobaci\u00f3n, pero fue bajado.&nbsp;<\/p>\n\n\n\n<p>Ante el conocimiento de este dictamen, activistas defensores del medio ambiente en la capital oaxaque\u00f1a, como \u201cColmillo Blanco\u201d, as\u00ed como propietarios de predios en esa zona de la ciudad de Oaxaca, se hicieron presentes en la sesi\u00f3n para manifestarse, lo cual no ocurri\u00f3. &nbsp;<\/p>\n\n\n\n<p>Desde el inicio de esta administraci\u00f3n, vecinos y defensores del medio ambiente han denunciado da\u00f1os en el cerro del \u201cCrest\u00f3n\u201d, considerado como reserva natural, por parte de particulares que, respaldados con supuestos documentos y permisos,&nbsp;se asumen como propietarios y ejecutan obras para habilitar una zona habitacional.&nbsp;<\/p>\n\n\n\n<p>PROPUESTA&nbsp;<\/p>\n\n\n\n<p>La propuesta del decreto plante\u00f3 dejar sin efecto el acuerdo de 2021, el cual ordena la suspensi\u00f3n de todo tr\u00e1mite o autorizaci\u00f3n de cambio de uso de suelo, subdivisiones, licencias de construcci\u00f3n, licencias de urbanizaci\u00f3n, y cualquiera otra que alteren el estado actual de las zonas de reservas naturales protegidas en el municipio, publicado en la gaceta del 25 de noviembre de 2021. &nbsp;<\/p>\n\n\n\n<p>De la misma forma, en el&nbsp;punto cuarto se instruye a la Secretar\u00eda de Obras P\u00fablicas y Desarrollo Urbano para que atienda las solicitudes que presenten las personas propietarias o poseedoras de un bien inmueble dentro del \u00e1rea de observancia.&nbsp;<\/p>\n\n\n\n<p>Se propuso la elaboraci\u00f3n de un plan de manejo municipal sobre los asentamientos humanos existentes para su regularizaci\u00f3n y creaci\u00f3n, lo anterior en coordinaci\u00f3n con las instancias pertenecientes del gobierno del estado.&nbsp;<\/p>\n\n\n\n<p>As\u00ed como la intervenci\u00f3n de las comisiones conjuntas de medio ambiente y obras p\u00fablicas para que soliciten a la Secretar\u00eda de Obras P\u00fablicas para actualizar el instrumento en materia de desarrollo Urbano con la actualizaci\u00f3n de vialidades, uso de suelo, densidades, estacionamiento y rescate de espacios p\u00fablicos.&nbsp;<\/p>\n\n\n\n<p>Entre otras cosas, tambi\u00e9n que las instancias correspondientes, al momento de dar tr\u00e1mite a todas las solicitudes relacionadas al uso de suelo indiquen a los solicitantes llevar a cabo la siembra de \u00e1rboles conforme a los lineamientos que emita la Secretar\u00eda de medio ambiente o realicen el cuidado de los existentes en su propiedad o al exterior de la misma.<\/p>\n","protected":false},"excerpt":{"rendered":"<p>Yuridiana Sosa\/Zona Roja.&nbsp; Oaxaca de Ju\u00e1rez, Oax., a 16 de noviembre de 2023.- El gobierno&hellip;<\/p>\n","protected":false},"author":2,"featured_media":62155,"comment_status":"closed","ping_status":"open","sticky":false,"template":"","format":"standard","meta":{"_lmt_disableupdate":"","_lmt_disable":"","_jetpack_memberships_contains_paid_content":false,"footnotes":""},"categories":[109,47],"tags":[148],"class_list":["post-62154","post","type-post","status-publish","format-standard","has-post-thumbnail","hentry","category-minuto-a-minuto","category-zona-gris","tag-oaxaca-de-juarez"],"jetpack_featured_media_url":"https:\/\/zonaroja.com.mx\/wp-content\/uploads\/2023\/11\/Sesion-de-Cabildo-Oaxaca-de-Juarez.jpg","jetpack_sharing_enabled":true,"_links":{"self":[{"href":"https:\/\/zonaroja.com.mx\/index.php?rest_route=\/wp\/v2\/posts\/62154","targetHints":{"allow":["GET"]}}],"collection":[{"href":"https:\/\/zonaroja.com.mx\/index.php?rest_route=\/wp\/v2\/posts"}],"about":[{"href":"https:\/\/zonaroja.com.mx\/index.php?rest_route=\/wp\/v2\/types\/post"}],"author":[{"embeddable":true,"href":"https:\/\/zonaroja.com.mx\/index.php?rest_route=\/wp\/v2\/users\/2"}],"replies":[{"embeddable":true,"href":"https:\/\/zonaroja.com.mx\/index.php?rest_route=%2Fwp%2Fv2%2Fcomments&post=62154"}],"version-history":[{"count":1,"href":"https:\/\/zonaroja.com.mx\/index.php?rest_route=\/wp\/v2\/posts\/62154\/revisions"}],"predecessor-version":[{"id":62156,"href":"https:\/\/zonaroja.com.mx\/index.php?rest_route=\/wp\/v2\/posts\/62154\/revisions\/62156"}],"wp:featuredmedia":[{"embeddable":true,"href":"https:\/\/zonaroja.com.mx\/index.php?rest_route=\/wp\/v2\/media\/62155"}],"wp:attachment":[{"href":"https:\/\/zonaroja.com.mx\/index.php?rest_route=%2Fwp%2Fv2%2Fmedia&parent=62154"}],"wp:term":[{"taxonomy":"category","embeddable":true,"href":"https:\/\/zonaroja.com.mx\/index.php?rest_route=%2Fwp%2Fv2%2Fcategories&post=62154"},{"taxonomy":"post_tag","embeddable":true,"href":"https:\/\/zonaroja.com.mx\/index.php?rest_route=%2Fwp%2Fv2%2Ftags&post=62154"}],"curies":[{"name":"wp","href":"https:\/\/api.w.org\/{rel}","templated":true}]}}