{"id":62157,"date":"2023-11-16T21:57:20","date_gmt":"2023-11-17T03:57:20","guid":{"rendered":"http:\/\/www.zonaroja.com.mx\/?p=62157"},"modified":"2023-11-16T21:57:21","modified_gmt":"2023-11-17T03:57:21","slug":"lopez-obrdor-y-el-presidente-de-china-acuerdan-agenda-bilateral","status":"publish","type":"post","link":"https:\/\/zonaroja.com.mx\/?p=62157","title":{"rendered":"L\u00f3pez Obrdor y el Presidente de China acuerdan agenda bilateral"},"content":{"rendered":"\n<p>Redacci\u00f3n\/Zona Roja Cdmx.<\/p>\n\n\n\n<p>Ciudad de M\u00e9xico, a 16 de noviembre de 2023.- En San Francisco, California, el presidente de M\u00e9xico, Andr\u00e9s Manuel L\u00f3pez Obrador, sostuvo una reuni\u00f3n con el presidente de la Rep\u00fablica Popular China, Xi Jinping, para hacer una revisi\u00f3n de la agenda bilateral y de las prioridades de la relaci\u00f3n entre ambos pa\u00edses. Es el primer encuentro presencial entre ambos mandatarios.<\/p>\n\n\n\n<p>Subrayaron que tanto M\u00e9xico como China provienen de grandes civilizaciones con culturas milenarias, con sociedades pujantes y diversas, abiertas al comercio; somos pueblos con historia, cultura, diversidad \u00e9tnica, que apuestan por la solidaridad y la cooperaci\u00f3n internacional, y por ello nos entendemos y tenemos una amistad consolidada.<\/p>\n\n\n\n<p>Coincidieron en la apreciaci\u00f3n sobre el avance de la relaci\u00f3n bilateral de los \u00faltimos a\u00f1os en los \u00e1mbitos pol\u00edtico, econ\u00f3mico, educativo, cultural y de cooperaci\u00f3n, y confirmaron su disposici\u00f3n para dinamizar los lazos que, en febrero de 2023, cumplieron m\u00e1s de cinco d\u00e9cadas.<\/p>\n\n\n\n<p>El presidente L\u00f3pez Obrador agradeci\u00f3 las expresiones de solidaridad y ayuda del gobierno y de la sociedad de China ante la pandemia de Covid-19 y, recientemente, el apoyo con motivo de los efectos del hurac\u00e1n \u201cOtis\u201d. Los l\u00edderes acordaron dar prioridad m\u00e1xima a fortalecer la cooperaci\u00f3n para atender los impactos en Guerrero, con el fin de aliviar a la brevedad posible a las familias damnificadas.<\/p>\n\n\n\n<p>El primer mandatario mexicano se refiri\u00f3 a los retos compartidos que enfrentan ambos pa\u00edses, y a la necesidad de intercambiar informaci\u00f3n y lecciones aprendidas en la lucha contra el tr\u00e1fico il\u00edcito de precursores qu\u00edmicos, y enfatiz\u00f3 la importancia de alcanzar un acuerdo para intercambiar informaci\u00f3n sobre embarques que salen de Asia. El presidente Xi se congratul\u00f3 por la reciente creaci\u00f3n del Grupo de Trabajo M\u00e9xico-China sobre Precursores Qu\u00edmicos y Cooperaci\u00f3n Antinarc\u00f3tica.<\/p>\n\n\n\n<p>En temas de la agenda global, ambas autoridades intercambiaron visiones y coincidieron en que el fortalecimiento del multilateralismo, el derecho internacional y la cooperaci\u00f3n son las v\u00edas id\u00f3neas para hacer frente a los retos de la paz y la seguridad internacionales, al tiempo de rechazar acciones unilaterales.<\/p>\n\n\n\n<p>&nbsp;El presidente L\u00f3pez Obrador extendi\u00f3 una invitaci\u00f3n al presidente Xi Jinping para visitar M\u00e9xico los pr\u00f3ximos meses.<\/p>\n\n\n\n<p>A 10 a\u00f1os del establecimiento de la Asociaci\u00f3n Estrat\u00e9gica Integral, que inici\u00f3 en 2013, se ha profundizado la interlocuci\u00f3n pol\u00edtica, los intercambios econ\u00f3micos, as\u00ed como la cooperaci\u00f3n bilateral y multilateral.<\/p>\n\n\n\n<p>China es el segundo socio comercial de M\u00e9xico en el mundo y el primero de Asia\u2013Pacifico. De enero de 1999 a diciembre de 2022, M\u00e9xico ha recibido en total dos mil 161 millones de d\u00f3lares en inversi\u00f3n extranjera directa proveniente de China.<\/p>\n\n\n\n<p>Ambos presidentes construyeron un di\u00e1logo franco, amigable, y reafirmaron la importancia de profundizar la cooperaci\u00f3n bilateral y en foros multilaterales, incluyendo el di\u00e1logo entre la Comunidad de Estados Latinoamericanos y Caribe\u00f1os (Celac) y China.<\/p>\n\n\n\n<p>(Comunicado)<\/p>\n","protected":false},"excerpt":{"rendered":"<p>Redacci\u00f3n\/Zona Roja Cdmx. Ciudad de M\u00e9xico, a 16 de noviembre de 2023.- En San Francisco,&hellip;<\/p>\n","protected":false},"author":2,"featured_media":62158,"comment_status":"closed","ping_status":"open","sticky":false,"template":"","format":"standard","meta":{"_lmt_disableupdate":"","_lmt_disable":"","_jetpack_memberships_contains_paid_content":false,"footnotes":""},"categories":[109,46],"tags":[143],"class_list":["post-62157","post","type-post","status-publish","format-standard","has-post-thumbnail","hentry","category-minuto-a-minuto","category-zona-blanca","tag-andres-manuel-lopez-obrador"],"jetpack_featured_media_url":"https:\/\/zonaroja.com.mx\/wp-content\/uploads\/2023\/11\/Lopez-Obrador-y-Xi-Jianping.jpg","jetpack_sharing_enabled":true,"_links":{"self":[{"href":"https:\/\/zonaroja.com.mx\/index.php?rest_route=\/wp\/v2\/posts\/62157","targetHints":{"allow":["GET"]}}],"collection":[{"href":"https:\/\/zonaroja.com.mx\/index.php?rest_route=\/wp\/v2\/posts"}],"about":[{"href":"https:\/\/zonaroja.com.mx\/index.php?rest_route=\/wp\/v2\/types\/post"}],"author":[{"embeddable":true,"href":"https:\/\/zonaroja.com.mx\/index.php?rest_route=\/wp\/v2\/users\/2"}],"replies":[{"embeddable":true,"href":"https:\/\/zonaroja.com.mx\/index.php?rest_route=%2Fwp%2Fv2%2Fcomments&post=62157"}],"version-history":[{"count":1,"href":"https:\/\/zonaroja.com.mx\/index.php?rest_route=\/wp\/v2\/posts\/62157\/revisions"}],"predecessor-version":[{"id":62159,"href":"https:\/\/zonaroja.com.mx\/index.php?rest_route=\/wp\/v2\/posts\/62157\/revisions\/62159"}],"wp:featuredmedia":[{"embeddable":true,"href":"https:\/\/zonaroja.com.mx\/index.php?rest_route=\/wp\/v2\/media\/62158"}],"wp:attachment":[{"href":"https:\/\/zonaroja.com.mx\/index.php?rest_route=%2Fwp%2Fv2%2Fmedia&parent=62157"}],"wp:term":[{"taxonomy":"category","embeddable":true,"href":"https:\/\/zonaroja.com.mx\/index.php?rest_route=%2Fwp%2Fv2%2Fcategories&post=62157"},{"taxonomy":"post_tag","embeddable":true,"href":"https:\/\/zonaroja.com.mx\/index.php?rest_route=%2Fwp%2Fv2%2Ftags&post=62157"}],"curies":[{"name":"wp","href":"https:\/\/api.w.org\/{rel}","templated":true}]}}