{"id":62169,"date":"2023-11-17T10:30:00","date_gmt":"2023-11-17T16:30:00","guid":{"rendered":"http:\/\/www.zonaroja.com.mx\/?p=62169"},"modified":"2023-11-17T07:10:40","modified_gmt":"2023-11-17T13:10:40","slug":"mexico-debe-reforzar-aduanas-para-frenar-trafico-de-fentanilo-eu","status":"publish","type":"post","link":"https:\/\/zonaroja.com.mx\/?p=62169","title":{"rendered":"M\u00e9xico debe reforzar aduanas para frenar tr\u00e1fico de fentanilo: EU"},"content":{"rendered":"\n<p>Redacci\u00f3n\/Zona Roja Cdmx.<\/p>\n\n\n\n<p>Ciudad de M\u00e9xico, a 17 de noviembre de 2023.- Estados Unidos afirm\u00f3 que a M\u00e9xico le corresponde reforzar sus aduanas y \u201chacer valer la ley\u201d para frenar el tr\u00e1fico de fentanilo, despu\u00e9s de que el gobierno de Joe Biden haya acordado con China controlar las salidas de precursores qu\u00edmicos utilizados para fabricar esa droga.<\/p>\n\n\n\n<p>\u201cLa colaboraci\u00f3n debe pasar por un refuerzo de la infraestructura aduanera para frenar el cruce ilegal de todos estos productos il\u00edcitos, inversi\u00f3n en recursos de la Procuradur\u00eda y hacer valer la ley dentro del pa\u00eds\u201d, dijo el secretario adjunto del Departamento de Estado para Am\u00e9rica Latina, Brian Nichols.<\/p>\n\n\n\n<p>Asimismo, a\u00f1adi\u00f3 que su vecino del sur debe investigar cu\u00e1les son \u201clas empresas involucradas en el suministro\u201d de estos qu\u00edmicos y c\u00f3mo se extienden sus \u201credes financieras il\u00edcitas\u201d.<\/p>\n\n\n\n<p>Seg\u00fan Washington, los carteles mexicanos usan los precursores qu\u00edmicos procedentes de China para fabricar este opioide, cincuenta veces m\u00e1s potente que la hero\u00edna, y posteriormente lo venden ilegalmente en Estados Unidos.<\/p>\n\n\n\n<p>En este sentido, el presidente de Estados Unidos, Joe Biden, y su hom\u00f3logo de M\u00e9xico, Andr\u00e9s Manuel L\u00f3pez Obrador, mantendr\u00e1n una reuni\u00f3n bilateral este viernes como parte del Foro de Cooperaci\u00f3n Econ\u00f3mica Asisa-Pac\u00edfico (APEC), en la que el mandatario mexicano ya ha adelantado que ser\u00e1 abordada la cuesti\u00f3n del fentanilo.<\/p>\n\n\n\n<p>Adem\u00e1s, en los m\u00e1rgenes de la APEC se produjo ayer la esperada reuni\u00f3n entre Biden y el presidente de China, Xi Jinping, que termin\u00f3 con un acuerdo para que la potencia asi\u00e1tica controle la salida fuera de sus fronteras de las sustancias qu\u00edmicas con las que se fabrica el fetanilo y, seg\u00fan la Casa Blanca, pactaron crear un \u201cgrupo de trabajo\u201d sobre narc\u00f3ticos.<\/p>\n\n\n\n<p>Este viernes, ya como parte de la cumbre de l\u00edderes de la APEC celebrada en San Francisco (California) y que concluye el viernes, se est\u00e1 desarrollando otro encuentro bilateral entre el propio Xi y L\u00f3pez Obrador.<\/p>\n\n\n\n<p>APEC es un foro fundado en 1989 que promueve la integraci\u00f3n comercial de 21 econom\u00edas a ambos lados del oc\u00e9ano Pac\u00edfico, las cuales representan aproximadamente el 60 por ciento del PIB mundial y el 40 por ciento de la poblaci\u00f3n del planeta.<\/p>\n\n\n\n<p>(Con informaci\u00f3n de EFE, en L\u00f3pez-D\u00f3riga Digital)<\/p>\n","protected":false},"excerpt":{"rendered":"<p>Redacci\u00f3n\/Zona Roja Cdmx. Ciudad de M\u00e9xico, a 17 de noviembre de 2023.- Estados Unidos afirm\u00f3&hellip;<\/p>\n","protected":false},"author":2,"featured_media":52674,"comment_status":"closed","ping_status":"open","sticky":false,"template":"","format":"standard","meta":{"_lmt_disableupdate":"","_lmt_disable":"","_jetpack_memberships_contains_paid_content":false,"footnotes":""},"categories":[109,47],"tags":[3614],"class_list":["post-62169","post","type-post","status-publish","format-standard","has-post-thumbnail","hentry","category-minuto-a-minuto","category-zona-gris","tag-fentanilo-estados-unidos"],"jetpack_featured_media_url":"https:\/\/zonaroja.com.mx\/wp-content\/uploads\/2023\/03\/Fentanilo-3.jpeg","jetpack_sharing_enabled":true,"_links":{"self":[{"href":"https:\/\/zonaroja.com.mx\/index.php?rest_route=\/wp\/v2\/posts\/62169","targetHints":{"allow":["GET"]}}],"collection":[{"href":"https:\/\/zonaroja.com.mx\/index.php?rest_route=\/wp\/v2\/posts"}],"about":[{"href":"https:\/\/zonaroja.com.mx\/index.php?rest_route=\/wp\/v2\/types\/post"}],"author":[{"embeddable":true,"href":"https:\/\/zonaroja.com.mx\/index.php?rest_route=\/wp\/v2\/users\/2"}],"replies":[{"embeddable":true,"href":"https:\/\/zonaroja.com.mx\/index.php?rest_route=%2Fwp%2Fv2%2Fcomments&post=62169"}],"version-history":[{"count":1,"href":"https:\/\/zonaroja.com.mx\/index.php?rest_route=\/wp\/v2\/posts\/62169\/revisions"}],"predecessor-version":[{"id":62170,"href":"https:\/\/zonaroja.com.mx\/index.php?rest_route=\/wp\/v2\/posts\/62169\/revisions\/62170"}],"wp:featuredmedia":[{"embeddable":true,"href":"https:\/\/zonaroja.com.mx\/index.php?rest_route=\/wp\/v2\/media\/52674"}],"wp:attachment":[{"href":"https:\/\/zonaroja.com.mx\/index.php?rest_route=%2Fwp%2Fv2%2Fmedia&parent=62169"}],"wp:term":[{"taxonomy":"category","embeddable":true,"href":"https:\/\/zonaroja.com.mx\/index.php?rest_route=%2Fwp%2Fv2%2Fcategories&post=62169"},{"taxonomy":"post_tag","embeddable":true,"href":"https:\/\/zonaroja.com.mx\/index.php?rest_route=%2Fwp%2Fv2%2Ftags&post=62169"}],"curies":[{"name":"wp","href":"https:\/\/api.w.org\/{rel}","templated":true}]}}