{"id":6218,"date":"2019-11-30T09:00:00","date_gmt":"2019-11-30T15:00:00","guid":{"rendered":"http:\/\/www.zonaroja.com.mx\/?p=6218"},"modified":"2019-11-29T22:46:13","modified_gmt":"2019-11-30T04:46:13","slug":"como-resultado-de-las-mesas-tripartitas-el-ieepo-da-respuesta-al-magisterio","status":"publish","type":"post","link":"https:\/\/zonaroja.com.mx\/?p=6218","title":{"rendered":"Como resultado de las Mesas Tripartitas, el IEEPO da respuesta al magisterio"},"content":{"rendered":"\n<p>Redacci\u00f3n\/Zona Roja.<\/p>\n\n\n\n<p>Oaxaca de Ju\u00e1rez, Oax., 30 de noviembre\nde 2019. Con la basificaci\u00f3n de m\u00e1s de dos mil maestros que el a\u00f1o pasado se\nencontraban por contrato temporal, la contrataci\u00f3n de la totalidad de\nnormalistas egresados del ciclo escolar 2017-2018, y el avance en la\nregularizaci\u00f3n de las claves E2403 y E2405, la Secci\u00f3n 22 del Sindicato\nNacional de Trabajadores de la Educaci\u00f3n (SNTE) ve resueltas sus primeras\npeticiones prioritarias.<\/p>\n\n\n\n<p>En un comunicado, el director general\ndel Instituto Estatal de Educaci\u00f3n P\u00fablica de Oaxaca (IEEPO), Francisco \u00c1ngel\nVillarreal, confirm\u00f3 las respuestas dadas a los maestros, resultado de la\nvoluntad y disposici\u00f3n del presidente de M\u00e9xico, Andr\u00e9s Manuel L\u00f3pez Obrador, a\ntrav\u00e9s de la Secretar\u00eda de Educaci\u00f3n P\u00fablica (SEP) y el gobernador Alejandro\nMurat Hinojosa, para atender las prioridades educativas y del magisterio,\nlogrando hasta ahora resultados exitosos.<\/p>\n\n\n\n<p>\u201cLogramos la basificaci\u00f3n de m\u00e1s de dos\nmil maestros, se contrat\u00f3 a 708 normalistas egresados del ciclo escolar\n2017-2018, estamos en proceso para que en breve empecemos a revisar los\nprocedimientos que nos marca la SEP y trabajar en conjunto la contrataci\u00f3n de\nlos egresados en el periodo 2018-2019, as\u00ed mismo, hemos atendido a aquellos\nestudiantes egresados normalistas que por alguna raz\u00f3n no hab\u00edan sido\nconsiderados en la anterior reforma educativa\u201d, se\u00f1al\u00f3.<\/p>\n\n\n\n<p>Puntualiz\u00f3 que resultado de las Mesas\nTripartitas se encuentra tambi\u00e9n avanzada la contrataci\u00f3n de personal docente\nno egresado de escuelas normales, as\u00ed como la regularizaci\u00f3n de las claves\nE2403 y E2405, lo cual no ser\u00eda posible, sin el invaluable apoyo del secretario\nde Educaci\u00f3n P\u00fablica, Esteban Moctezuma Barrag\u00e1n, el titular de la Unidad de\nAdministraci\u00f3n y Finanzas de la SEP, H\u00e9ctor Mart\u00edn Garza Gonz\u00e1lez, as\u00ed como del\ntitular de la Unidad del Sistema para la Carrera de las Maestras y los Maestros\n(Usicam) de la SEP, Francisco Cartas Cabrera.<\/p>\n\n\n\n<p>Por otra parte, \u00c1ngel Villarreal\nmencion\u00f3 que se trabaja en las tres mil 215 incidencias administrativas que el\nmagisterio plante\u00f3 a la federaci\u00f3n y que consider\u00f3 que a partir de diciembre\n-bajo el esquema que defina el magisterio- se podr\u00e1 ir priorizando la atenci\u00f3n.<\/p>\n\n\n\n<p>Detall\u00f3 que los expedientes debidamente\nintegrados de estas incidencias, fueron entregadas en su momento a la federaci\u00f3n\na trav\u00e9s del IEEPO.<\/p>\n\n\n\n<p>Asimismo, asever\u00f3 que nada fuera de\nnormatividad y del techo presupuestal existente proceder\u00e1, independientemente\nde las acciones que se realicen.<\/p>\n\n\n\n<p>\u201cConsideramos que la mejor partida para\nOaxaca es apostar al di\u00e1logo, a la conciliaci\u00f3n, a la concertaci\u00f3n y debemos\nestar muy claros de que cuando las posibilidades presupuestales y la\nnormatividad aplicable no permiten atender algunas demandas que salgan de este\nmarco, ser\u00e1 imposible resolverlas independientemente de los mecanismos que se\nutilicen para tratar de obtener algo fuera de normatividad\u201d, manifest\u00f3.<\/p>\n","protected":false},"excerpt":{"rendered":"<p>Redacci\u00f3n\/Zona Roja. Oaxaca de Ju\u00e1rez, Oax., 30 de noviembre de 2019. Con la basificaci\u00f3n de&hellip;<\/p>\n","protected":false},"author":2,"featured_media":6219,"comment_status":"closed","ping_status":"open","sticky":false,"template":"","format":"standard","meta":{"_lmt_disableupdate":"","_lmt_disable":"","_jetpack_memberships_contains_paid_content":false,"footnotes":""},"categories":[109,46],"tags":[599],"class_list":["post-6218","post","type-post","status-publish","format-standard","has-post-thumbnail","hentry","category-minuto-a-minuto","category-zona-blanca","tag-instituto-estatal-de-educacion-publica-de-oaxaca"],"jetpack_featured_media_url":"https:\/\/zonaroja.com.mx\/wp-content\/uploads\/2019\/11\/IEEPO-1.jpeg","jetpack_sharing_enabled":true,"_links":{"self":[{"href":"https:\/\/zonaroja.com.mx\/index.php?rest_route=\/wp\/v2\/posts\/6218","targetHints":{"allow":["GET"]}}],"collection":[{"href":"https:\/\/zonaroja.com.mx\/index.php?rest_route=\/wp\/v2\/posts"}],"about":[{"href":"https:\/\/zonaroja.com.mx\/index.php?rest_route=\/wp\/v2\/types\/post"}],"author":[{"embeddable":true,"href":"https:\/\/zonaroja.com.mx\/index.php?rest_route=\/wp\/v2\/users\/2"}],"replies":[{"embeddable":true,"href":"https:\/\/zonaroja.com.mx\/index.php?rest_route=%2Fwp%2Fv2%2Fcomments&post=6218"}],"version-history":[{"count":1,"href":"https:\/\/zonaroja.com.mx\/index.php?rest_route=\/wp\/v2\/posts\/6218\/revisions"}],"predecessor-version":[{"id":6220,"href":"https:\/\/zonaroja.com.mx\/index.php?rest_route=\/wp\/v2\/posts\/6218\/revisions\/6220"}],"wp:featuredmedia":[{"embeddable":true,"href":"https:\/\/zonaroja.com.mx\/index.php?rest_route=\/wp\/v2\/media\/6219"}],"wp:attachment":[{"href":"https:\/\/zonaroja.com.mx\/index.php?rest_route=%2Fwp%2Fv2%2Fmedia&parent=6218"}],"wp:term":[{"taxonomy":"category","embeddable":true,"href":"https:\/\/zonaroja.com.mx\/index.php?rest_route=%2Fwp%2Fv2%2Fcategories&post=6218"},{"taxonomy":"post_tag","embeddable":true,"href":"https:\/\/zonaroja.com.mx\/index.php?rest_route=%2Fwp%2Fv2%2Ftags&post=6218"}],"curies":[{"name":"wp","href":"https:\/\/api.w.org\/{rel}","templated":true}]}}