{"id":62194,"date":"2023-11-18T07:01:13","date_gmt":"2023-11-18T13:01:13","guid":{"rendered":"http:\/\/www.zonaroja.com.mx\/?p=62194"},"modified":"2023-11-18T07:01:15","modified_gmt":"2023-11-18T13:01:15","slug":"sin-freno-la-violencia-en-tehuantepec-otro-ejecutado-y-un-herido","status":"publish","type":"post","link":"https:\/\/zonaroja.com.mx\/?p=62194","title":{"rendered":"Sin freno la violencia en Tehuantepec: otro ejecutado y un herido"},"content":{"rendered":"\n<p>Redacci\u00f3n\/Zona Roja.<\/p>\n\n\n\n<p>Oaxaca de Ju\u00e1rez, Oax., a 18 de noviembre de 2023.- La violencia criminal no cesa en Santo Domingo Tehuantepec y anoche otra persona fue ejecutada a balazos.<\/p>\n\n\n\n<p>El crimen se perpetr\u00f3 en una calle de la colonia Flor de Azalea, cuando dos personas fueron agredidas con disparos de arma de fuego por parte de sujetos desconocidos.<\/p>\n\n\n\n<p>En el sitio perdi\u00f3 la vida el individuo identificado de manera preliminar como Reynel G. Z., de 48 a\u00f1os de edad, mientras que otra persona a\u00fan no identificada, fue trasladada a un hospital cercano.<\/p>\n\n\n\n<p>Polic\u00edas municipales llegaron tarde al sitio por lo cual no lograron ninguna detenci\u00f3n.<\/p>\n\n\n\n<p>En Tehuantepec los hechos violentos se han incrementado en los cinco a\u00f1os de gobierno de la morenista Vilma Mart\u00ednez Cort\u00e9s, sin que implemente ninguna acci\u00f3n para fortalecer la seguridad e incrementar los patrullajes preventivos.<\/p>\n","protected":false},"excerpt":{"rendered":"<p>Redacci\u00f3n\/Zona Roja. Oaxaca de Ju\u00e1rez, Oax., a 18 de noviembre de 2023.- La violencia criminal&hellip;<\/p>\n","protected":false},"author":2,"featured_media":50335,"comment_status":"closed","ping_status":"open","sticky":false,"template":"","format":"standard","meta":{"_lmt_disableupdate":"","_lmt_disable":"","_jetpack_memberships_contains_paid_content":false,"footnotes":""},"categories":[109,51],"tags":[125],"class_list":["post-62194","post","type-post","status-publish","format-standard","has-post-thumbnail","hentry","category-minuto-a-minuto","category-zona-roja","tag-santo-domingo-tehuantepec"],"jetpack_featured_media_url":"https:\/\/zonaroja.com.mx\/wp-content\/uploads\/2023\/01\/Balazos-violencia-casquillos-escena.jpeg","jetpack_sharing_enabled":true,"_links":{"self":[{"href":"https:\/\/zonaroja.com.mx\/index.php?rest_route=\/wp\/v2\/posts\/62194","targetHints":{"allow":["GET"]}}],"collection":[{"href":"https:\/\/zonaroja.com.mx\/index.php?rest_route=\/wp\/v2\/posts"}],"about":[{"href":"https:\/\/zonaroja.com.mx\/index.php?rest_route=\/wp\/v2\/types\/post"}],"author":[{"embeddable":true,"href":"https:\/\/zonaroja.com.mx\/index.php?rest_route=\/wp\/v2\/users\/2"}],"replies":[{"embeddable":true,"href":"https:\/\/zonaroja.com.mx\/index.php?rest_route=%2Fwp%2Fv2%2Fcomments&post=62194"}],"version-history":[{"count":1,"href":"https:\/\/zonaroja.com.mx\/index.php?rest_route=\/wp\/v2\/posts\/62194\/revisions"}],"predecessor-version":[{"id":62195,"href":"https:\/\/zonaroja.com.mx\/index.php?rest_route=\/wp\/v2\/posts\/62194\/revisions\/62195"}],"wp:featuredmedia":[{"embeddable":true,"href":"https:\/\/zonaroja.com.mx\/index.php?rest_route=\/wp\/v2\/media\/50335"}],"wp:attachment":[{"href":"https:\/\/zonaroja.com.mx\/index.php?rest_route=%2Fwp%2Fv2%2Fmedia&parent=62194"}],"wp:term":[{"taxonomy":"category","embeddable":true,"href":"https:\/\/zonaroja.com.mx\/index.php?rest_route=%2Fwp%2Fv2%2Fcategories&post=62194"},{"taxonomy":"post_tag","embeddable":true,"href":"https:\/\/zonaroja.com.mx\/index.php?rest_route=%2Fwp%2Fv2%2Ftags&post=62194"}],"curies":[{"name":"wp","href":"https:\/\/api.w.org\/{rel}","templated":true}]}}