{"id":62196,"date":"2023-11-18T07:14:37","date_gmt":"2023-11-18T13:14:37","guid":{"rendered":"http:\/\/www.zonaroja.com.mx\/?p=62196"},"modified":"2023-11-18T07:31:09","modified_gmt":"2023-11-18T13:31:09","slug":"alejandro-mura-a-campana-de-claudia-sheinbaum","status":"publish","type":"post","link":"https:\/\/zonaroja.com.mx\/?p=62196","title":{"rendered":"Alejandro Murat, a campa\u00f1a de Claudia Sheinbaum"},"content":{"rendered":"\n<p>Redacci\u00f3n\/Zona Roja.<\/p>\n\n\n\n<p>Oaxaca de Ju\u00e1rez, Oax., a 18 de noviembre de 2023.- Tras su renuncia al Partido Revolucionario Institucional, Alejandro Murat Hinojosa ser\u00eda incorporado a la precampa\u00f1a y campa\u00f1a de Claudia Sheinbaum, confirmaron fuentes nacionales del PRI.<\/p>\n\n\n\n<p>Y es que, a menos de un a\u00f1o de dejar el cargo, el ex gobernador de Oaxaca, originario del Estado de M\u00e9xico, present\u00f3 su dimisi\u00f3n al PRI, para que sea postulado como candidato al Senado por el Partido Morena, por la v\u00eda plurinominal.<\/p>\n\n\n\n<p>De acuerdo con fuentes priistas a nivel nacional, Murat opt\u00f3 por salirse del partido debido a que no estaba contemplado como candidato a la C\u00e1mara alta.<\/p>\n\n\n\n<p>Adem\u00e1s, \u201cdesde hace mucho tiempo trae acuerdos con el Presidente Andr\u00e9s Manuel L\u00f3pez Obrador, quien se lo impuso a Claudia Sheinbaum; a cambio, las investigaciones en su contra por corrupci\u00f3n, ser\u00e1n frenadas en Oaxaca\u201d.<\/p>\n\n\n\n<p>Anoche, a trav\u00e9s de un video de cuatro minutos, el ex mandatario estatal \u2014de mete\u00f3rica carrera administrativa, como diputado federal y director del Infonavit nacional, donde tambi\u00e9n estuvo involucrado en probables fraudes\u2014 dio a conocer su renuncia irrevocable al PRI.<\/p>\n\n\n\n<p>\u201cNo puedo ser parte de algo que no me define como persona ni como pol\u00edtico y que no corresponde a la visi\u00f3n de M\u00e9xico que me anima a seguir participando en la vida p\u00fablica\u201d.<\/p>\n\n\n\n<p>\u201cLuis Donaldo Colosio nos lo advirti\u00f3: M\u00e9xico no quiere aventuras pol\u00edticas, no quiere saltos al vac\u00edo\u201d, dijo, al anunciar la creaci\u00f3n de la Alianza Progresista por M\u00e9xico, aunque sin definir con qu\u00e9 pol\u00edticos o partidos.<\/p>\n\n\n\n<p>Lo que menos necesita M\u00e9xico en estos momentos, insisti\u00f3, \u201ces la pol\u00edtica del miedo y del odio como estrategia electoral para ganar una elecci\u00f3n\u201d, y al final en el proceso de 2024 \u201cnos encontraremos en la disyuntiva de elegir participar entre la pol\u00edtica del cinismo o la pol\u00edtica de la esperanza\u201d.<\/p>\n\n\n\n<p>Aprovech\u00f3 para atribuirse la gesti\u00f3n del Corredor Interoce\u00e1nico del Istmo de Tehuantepec, que impulsa el mandatario mexicano morenista.<\/p>\n","protected":false},"excerpt":{"rendered":"<p>Redacci\u00f3n\/Zona Roja. Oaxaca de Ju\u00e1rez, Oax., a 18 de noviembre de 2023.- Tras su renuncia&hellip;<\/p>\n","protected":false},"author":2,"featured_media":62197,"comment_status":"closed","ping_status":"open","sticky":false,"template":"","format":"standard","meta":{"_lmt_disableupdate":"","_lmt_disable":"","_jetpack_memberships_contains_paid_content":false,"footnotes":""},"categories":[109,47],"tags":[173],"class_list":["post-62196","post","type-post","status-publish","format-standard","has-post-thumbnail","hentry","category-minuto-a-minuto","category-zona-gris","tag-alejandro-murat-hinojosa"],"jetpack_featured_media_url":"https:\/\/zonaroja.com.mx\/wp-content\/uploads\/2023\/11\/Alejandro-Murat-y-Claudia-Sheinbaum.webp","jetpack_sharing_enabled":true,"_links":{"self":[{"href":"https:\/\/zonaroja.com.mx\/index.php?rest_route=\/wp\/v2\/posts\/62196","targetHints":{"allow":["GET"]}}],"collection":[{"href":"https:\/\/zonaroja.com.mx\/index.php?rest_route=\/wp\/v2\/posts"}],"about":[{"href":"https:\/\/zonaroja.com.mx\/index.php?rest_route=\/wp\/v2\/types\/post"}],"author":[{"embeddable":true,"href":"https:\/\/zonaroja.com.mx\/index.php?rest_route=\/wp\/v2\/users\/2"}],"replies":[{"embeddable":true,"href":"https:\/\/zonaroja.com.mx\/index.php?rest_route=%2Fwp%2Fv2%2Fcomments&post=62196"}],"version-history":[{"count":2,"href":"https:\/\/zonaroja.com.mx\/index.php?rest_route=\/wp\/v2\/posts\/62196\/revisions"}],"predecessor-version":[{"id":62203,"href":"https:\/\/zonaroja.com.mx\/index.php?rest_route=\/wp\/v2\/posts\/62196\/revisions\/62203"}],"wp:featuredmedia":[{"embeddable":true,"href":"https:\/\/zonaroja.com.mx\/index.php?rest_route=\/wp\/v2\/media\/62197"}],"wp:attachment":[{"href":"https:\/\/zonaroja.com.mx\/index.php?rest_route=%2Fwp%2Fv2%2Fmedia&parent=62196"}],"wp:term":[{"taxonomy":"category","embeddable":true,"href":"https:\/\/zonaroja.com.mx\/index.php?rest_route=%2Fwp%2Fv2%2Fcategories&post=62196"},{"taxonomy":"post_tag","embeddable":true,"href":"https:\/\/zonaroja.com.mx\/index.php?rest_route=%2Fwp%2Fv2%2Ftags&post=62196"}],"curies":[{"name":"wp","href":"https:\/\/api.w.org\/{rel}","templated":true}]}}