{"id":62199,"date":"2023-11-18T10:00:00","date_gmt":"2023-11-18T16:00:00","guid":{"rendered":"http:\/\/www.zonaroja.com.mx\/?p=62199"},"modified":"2023-11-18T07:18:46","modified_gmt":"2023-11-18T13:18:46","slug":"amlo-y-biden-debaten-sobre-drogas-y-migracion-durante-cumbre-de-la-apec","status":"publish","type":"post","link":"https:\/\/zonaroja.com.mx\/?p=62199","title":{"rendered":"AMLO y Biden debaten sobre drogas y migraci\u00f3n durante cumbre de la APEC"},"content":{"rendered":"\n<p>Redacci\u00f3n\/Zona Roja Cdmx.<\/p>\n\n\n\n<p>Ciudad de M\u00e9xico, a 18 de noviembre de 2023.- El presidente de Estados Unidos, Joe Biden, conclu\u00eda el viernes una campa\u00f1a diplom\u00e1tica de cuatro d\u00edas con China y otras naciones del Pac\u00edfico con una \u00faltima reuni\u00f3n con l\u00edderes mundiales y un encuentro con el presidente de M\u00e9xico, Andr\u00e9s Manuel L\u00f3pez Obrador.<\/p>\n\n\n\n<p>Biden, que se reuni\u00f3 con el presidente Xi Jinping el mi\u00e9rcoles y aprovech\u00f3 el jueves para destacar los fuertes lazos econ\u00f3micos entre Estados Unidos y las dem\u00e1s naciones del Pac\u00edfico, tuvo un \u00faltimo gran encuentro de l\u00edderes el viernes, donde traspas\u00f3 formalmente la presidencia del Foro de Cooperaci\u00f3n Econ\u00f3mica Asia-Pac\u00edfico a la presidenta de Per\u00fa, Dina Boluarte.<\/p>\n\n\n\n<p>Previo a la reuni\u00f3n bilateral, Biden y L\u00f3pez Obrador expresaron su inter\u00e9s en abordar temas como migraci\u00f3n y tr\u00e1fico de fentanilo.<\/p>\n\n\n\n<p>\u00abM\u00e9xico y Estados Unidos permanecen unidos\u00bb, dijo Biden. \u00abLo vemos en nuestra cooperaci\u00f3n en materia de seguridad, estamos trabajando codo con codo para combatir el tr\u00e1fico de armas, para hacer frente al crimen organizado y a la epidemia de opioides, incluido el fentanilo\u00bb, a\u00f1adi\u00f3.<\/p>\n\n\n\n<p>Por su parte, L\u00f3pez Obrador manifest\u00f3 a su hom\u00f3logo estadounidense el compromiso de M\u00e9xico de seguir colaborando para evitar la introducci\u00f3n de la poderosa droga fentanilo en el vecino pa\u00eds. \u00abEstamos muy conscientes del da\u00f1o que ocasiona a los j\u00f3venes en Estados Unidos\u00bb, afirm\u00f3.<\/p>\n\n\n\n<p>Adem\u00e1s, describi\u00f3 la relaci\u00f3n bilateral como respetuosa y de cooperaci\u00f3n, y elogi\u00f3 a Biden por sus pol\u00edticas migratorias, calific\u00e1ndolo como un \u00abextraordinario presidente\u00bb y \u00abun hombre con convicciones\u201d.<\/p>\n\n\n\n<p>La reuni\u00f3n se produce mientras los pa\u00edses est\u00e1n enfrentados en cuestiones comerciales importantes, como los esfuerzos de M\u00e9xico por eliminar gradualmente el uso de ma\u00edz modificado gen\u00e9ticamente -una medida que perjudica a los agricultores estadounidenses- y los intentos de bloquear las inversiones energ\u00e9ticas estadounidenses en la naci\u00f3n latinoamericana.<\/p>\n\n\n\n<p>El empeoramiento de las relaciones comerciales entre Washington y Ciudad de M\u00e9xico se produce incluso a medida que crece su integraci\u00f3n econ\u00f3mica.<\/p>\n\n\n\n<p>M\u00e9xico super\u00f3 a Canad\u00e1 y China para convertirse en el mayor socio comercial de bienes de Estados Unidos en el primer semestre de 2023, alcanzando un comercio total de 396,600 millones de d\u00f3lares a medida que la producci\u00f3n automotriz en el pa\u00eds latinoamericano crece y otras empresas estadounidenses cambian las cadenas de suministro de China m\u00e1s cerca de casa.<\/p>\n\n\n\n<p>En 2022, M\u00e9xico tuvo un super\u00e1vit comercial de bienes de 130,500 millones de d\u00f3lares con Estados Unidos, y est\u00e1 en camino de m\u00e1s que duplicarlo desde el super\u00e1vit de 69,000 millones de d\u00f3lares en 2017, cuando el expresidente Donald Trump lanz\u00f3 una renegociaci\u00f3n del tratado comercial de Norteam\u00e9rica despu\u00e9s de amenazar con abandonar el pacto, alegando que estaba drenando empleos manufactureros estadounidenses.<\/p>\n\n\n\n<p>(Informaci\u00f3n de Reuters en \u201cEl Economista\u201d)<\/p>\n","protected":false},"excerpt":{"rendered":"<p>Redacci\u00f3n\/Zona Roja Cdmx. Ciudad de M\u00e9xico, a 18 de noviembre de 2023.- El presidente de&hellip;<\/p>\n","protected":false},"author":2,"featured_media":62200,"comment_status":"closed","ping_status":"open","sticky":false,"template":"","format":"standard","meta":{"_lmt_disableupdate":"","_lmt_disable":"","_jetpack_memberships_contains_paid_content":false,"footnotes":""},"categories":[109,47],"tags":[143],"class_list":["post-62199","post","type-post","status-publish","format-standard","has-post-thumbnail","hentry","category-minuto-a-minuto","category-zona-gris","tag-andres-manuel-lopez-obrador"],"jetpack_featured_media_url":"https:\/\/zonaroja.com.mx\/wp-content\/uploads\/2023\/11\/Lopez-Obrador-y-Joe-Biden.jpeg","jetpack_sharing_enabled":true,"_links":{"self":[{"href":"https:\/\/zonaroja.com.mx\/index.php?rest_route=\/wp\/v2\/posts\/62199","targetHints":{"allow":["GET"]}}],"collection":[{"href":"https:\/\/zonaroja.com.mx\/index.php?rest_route=\/wp\/v2\/posts"}],"about":[{"href":"https:\/\/zonaroja.com.mx\/index.php?rest_route=\/wp\/v2\/types\/post"}],"author":[{"embeddable":true,"href":"https:\/\/zonaroja.com.mx\/index.php?rest_route=\/wp\/v2\/users\/2"}],"replies":[{"embeddable":true,"href":"https:\/\/zonaroja.com.mx\/index.php?rest_route=%2Fwp%2Fv2%2Fcomments&post=62199"}],"version-history":[{"count":1,"href":"https:\/\/zonaroja.com.mx\/index.php?rest_route=\/wp\/v2\/posts\/62199\/revisions"}],"predecessor-version":[{"id":62201,"href":"https:\/\/zonaroja.com.mx\/index.php?rest_route=\/wp\/v2\/posts\/62199\/revisions\/62201"}],"wp:featuredmedia":[{"embeddable":true,"href":"https:\/\/zonaroja.com.mx\/index.php?rest_route=\/wp\/v2\/media\/62200"}],"wp:attachment":[{"href":"https:\/\/zonaroja.com.mx\/index.php?rest_route=%2Fwp%2Fv2%2Fmedia&parent=62199"}],"wp:term":[{"taxonomy":"category","embeddable":true,"href":"https:\/\/zonaroja.com.mx\/index.php?rest_route=%2Fwp%2Fv2%2Fcategories&post=62199"},{"taxonomy":"post_tag","embeddable":true,"href":"https:\/\/zonaroja.com.mx\/index.php?rest_route=%2Fwp%2Fv2%2Ftags&post=62199"}],"curies":[{"name":"wp","href":"https:\/\/api.w.org\/{rel}","templated":true}]}}