{"id":62202,"date":"2023-11-18T11:00:00","date_gmt":"2023-11-18T17:00:00","guid":{"rendered":"http:\/\/www.zonaroja.com.mx\/?p=62202"},"modified":"2023-11-18T07:39:59","modified_gmt":"2023-11-18T13:39:59","slug":"profeco-oaxaca-instala-modulos-para-atender-quejas-por-el-buen-fin","status":"publish","type":"post","link":"https:\/\/zonaroja.com.mx\/?p=62202","title":{"rendered":"Profeco Oaxaca instala m\u00f3dulos para atender quejas por el Buen Fin"},"content":{"rendered":"\n<p>Redacci\u00f3n\/Zona Roja.<\/p>\n\n\n\n<p>Oaxaca de Ju\u00e1rez, Oaxaca a&nbsp;17&nbsp;de noviembre&nbsp;de 2023.-&nbsp;La&nbsp;Oficina de Defensa del Consumidor Zona \u201cBenito Ju\u00e1rez\u201d de la Procuradur\u00eda Federal del Consumidor,&nbsp;anuncia que&nbsp;en&nbsp;Buen Fin&nbsp;2023, que se lleva a cabo del 17 al 20 de noviembre,&nbsp;se instalar\u00e1n&nbsp;siete&nbsp;m\u00f3dulos de atenci\u00f3n personalizada en las plazas y centros comerciales de mayor actividad en el estado,&nbsp;en un horario de 09: a 21:00 horas,&nbsp;para&nbsp;brindar la atenci\u00f3n directa a consumidores que soliciten la asesor\u00eda e intervenci\u00f3n de Profeco.&nbsp;<\/p>\n\n\n\n<p>Los m\u00f3dulos&nbsp;se instalar\u00e1n en&nbsp;lugares visibles de&nbsp;la&nbsp;Macroplaza&nbsp;de&nbsp;Santa Luc\u00eda del Camino;&nbsp;Sam\u2019s&nbsp;Club&nbsp;de&nbsp;avenida Universidad;&nbsp;Plaza Oaxaca, Plaza Bella,&nbsp;Plaza Pabell\u00f3n en&nbsp;Salina Cruz,&nbsp;Multiplaza&nbsp;en Tuxtepec&nbsp;y Plaza Paseo en Tehuac\u00e1n, Puebla.<\/p>\n\n\n\n<p>Se atender\u00e1 en el mismo horario&nbsp;tambi\u00e9n&nbsp;desde el&nbsp;la oficina de Profeco&nbsp;en Heroico Colegio Militar 1109-altos en la&nbsp;colonia Reforma, Oaxaca de Ju\u00e1rez, donde ser\u00e1 instalado el centro de control para seguimiento de cada intervenci\u00f3n.&nbsp;<\/p>\n\n\n\n<p>Con la participaci\u00f3n de 36 servidores p\u00fablicos&nbsp;federales, tambi\u00e9n operar\u00e1n&nbsp;brigadas itinerantes&nbsp;para la atenci\u00f3n en el territorio&nbsp;en la zona conurbada a la capital del estado y los&nbsp;municipios&nbsp;de&nbsp;Santa Mar\u00eda Huatulco, San Juan Bautista Tuxtepec, San Pedro Mixtepec,&nbsp;Heroica Ciudad de Tlaxiaco&nbsp;y Heroica Ciudad&nbsp;de Huajuapan de Le\u00f3n.&nbsp;<\/p>\n\n\n\n<p>En este Buen Fin,&nbsp;Profeco&nbsp;exhorta&nbsp;a proveedores a evitar pr\u00e1cticas comerciales abusivas o desleales, a respetar promociones y ofertas, a que retiren de la publicidad los art\u00edculos agotados, entreguen notas de venta, facturas y garant\u00edas y proporcionen informaci\u00f3n necesaria a las personas para que puedan elegir mejor su compra.<\/p>\n\n\n\n<p>Para quejas y denuncias, la Profeco pone a disposici\u00f3n de la poblaci\u00f3n&nbsp;consumidora&nbsp;los canales de comunicaci\u00f3n para reportar cualquier irregularidad &nbsp;o solicitar asesor\u00eda, a trav\u00e9s del Tel\u00e9fono del Consumidor 800 468 8722, en la ciudad de Oaxaca el 951 51 3 41 41,&nbsp;951 51 3 46 49y de las redes sociales oficiales en&nbsp;Twitter: @AtencionProfeco&nbsp;y en Facebook:&nbsp;ProfecoOficial.<\/p>\n","protected":false},"excerpt":{"rendered":"<p>Redacci\u00f3n\/Zona Roja. Oaxaca de Ju\u00e1rez, Oaxaca a&nbsp;17&nbsp;de noviembre&nbsp;de 2023.-&nbsp;La&nbsp;Oficina de Defensa del Consumidor Zona \u201cBenito&hellip;<\/p>\n","protected":false},"author":2,"featured_media":62204,"comment_status":"closed","ping_status":"open","sticky":false,"template":"","format":"standard","meta":{"_lmt_disableupdate":"","_lmt_disable":"","_jetpack_memberships_contains_paid_content":false,"footnotes":""},"categories":[109,47],"tags":[788],"class_list":["post-62202","post","type-post","status-publish","format-standard","has-post-thumbnail","hentry","category-minuto-a-minuto","category-zona-gris","tag-profeco-oaxaca"],"jetpack_featured_media_url":"https:\/\/zonaroja.com.mx\/wp-content\/uploads\/2023\/11\/Profeco-Buen-Fin.jpg","jetpack_sharing_enabled":true,"_links":{"self":[{"href":"https:\/\/zonaroja.com.mx\/index.php?rest_route=\/wp\/v2\/posts\/62202","targetHints":{"allow":["GET"]}}],"collection":[{"href":"https:\/\/zonaroja.com.mx\/index.php?rest_route=\/wp\/v2\/posts"}],"about":[{"href":"https:\/\/zonaroja.com.mx\/index.php?rest_route=\/wp\/v2\/types\/post"}],"author":[{"embeddable":true,"href":"https:\/\/zonaroja.com.mx\/index.php?rest_route=\/wp\/v2\/users\/2"}],"replies":[{"embeddable":true,"href":"https:\/\/zonaroja.com.mx\/index.php?rest_route=%2Fwp%2Fv2%2Fcomments&post=62202"}],"version-history":[{"count":1,"href":"https:\/\/zonaroja.com.mx\/index.php?rest_route=\/wp\/v2\/posts\/62202\/revisions"}],"predecessor-version":[{"id":62205,"href":"https:\/\/zonaroja.com.mx\/index.php?rest_route=\/wp\/v2\/posts\/62202\/revisions\/62205"}],"wp:featuredmedia":[{"embeddable":true,"href":"https:\/\/zonaroja.com.mx\/index.php?rest_route=\/wp\/v2\/media\/62204"}],"wp:attachment":[{"href":"https:\/\/zonaroja.com.mx\/index.php?rest_route=%2Fwp%2Fv2%2Fmedia&parent=62202"}],"wp:term":[{"taxonomy":"category","embeddable":true,"href":"https:\/\/zonaroja.com.mx\/index.php?rest_route=%2Fwp%2Fv2%2Fcategories&post=62202"},{"taxonomy":"post_tag","embeddable":true,"href":"https:\/\/zonaroja.com.mx\/index.php?rest_route=%2Fwp%2Fv2%2Ftags&post=62202"}],"curies":[{"name":"wp","href":"https:\/\/api.w.org\/{rel}","templated":true}]}}