{"id":62211,"date":"2023-11-19T13:02:00","date_gmt":"2023-11-19T19:02:00","guid":{"rendered":"http:\/\/www.zonaroja.com.mx\/?p=62211"},"modified":"2023-11-19T06:34:20","modified_gmt":"2023-11-19T12:34:20","slug":"primeros-dibujos-de-francisco-toledo-llegan-al-cenart","status":"publish","type":"post","link":"https:\/\/zonaroja.com.mx\/?p=62211","title":{"rendered":"Primeros dibujos de Francisco Toledo llegan al Cenart"},"content":{"rendered":"\n<p>Redacci\u00f3n\/Zona Roja Cdmx.<\/p>\n\n\n\n<p>Ciudad de M\u00e9xico, a 19 de noviembre de 2023.- El pintor oaxaque\u00f1o Francisco Toledo es uno de los artistas pl\u00e1sticos contempor\u00e1neos m\u00e1s valorados en el arte mexicano. Si quieres conocer c\u00f3mo lleg\u00f3 a ser todo un maestro, debes darte una vuelta por el Centro Nacional de las Artes.<\/p>\n\n\n\n<p>Las 80 piezas que componen la exposici\u00f3n \u201cSementera. Dibujos adolescentes de Francisco Toledo\u201d, muestran las primeras preocupaciones est\u00e9ticas del c\u00e9lebre artista pl\u00e1stico, originario de Juchit\u00e1n, Oaxaca.<\/p>\n\n\n\n<p>\u201cLa mayor\u00eda de los dibujos en exhibici\u00f3n fueron realizados en casa de la familia Medleg, amigos de la familia del artista, a finales de la d\u00e9cada de 1950 y principios de la de 1960, durante la primera estancia de Toledo en la Ciudad de M\u00e9xico.&nbsp;<\/p>\n\n\n\n<p>\u201cMuestran la obra que un joven procedente de Oaxaca produjo en el descubrimiento de su creatividad, a partir de la representaci\u00f3n de su mundo\u201d, detallan voceros de la exposici\u00f3n.&nbsp;<\/p>\n\n\n\n<p>De acuerdo con los voceros de la Colecci\u00f3n Ponce Kurczyn, a la cual pertenecen los dibujos que son exhibidos en el Centro Nacional de las Artes, estas piezas muestran la evoluci\u00f3n est\u00e9tica y tem\u00e1tica de Toledo.<\/p>\n\n\n\n<p>Empleando diversas t\u00e9cnicas y utensilios como l\u00e1piz, tinta o bol\u00edgrafo, Toledo inmortaliz\u00f3 todo lo que lo rodeaba, desde los objetos de la casa en la que resid\u00eda hasta a sus habitantes y sus momentos cotidianos.<\/p>\n\n\n\n<p>\u201cEsta serie de dibujos jam\u00e1s expuestos nos acercan a una de las desmitificaciones m\u00e1s importantes del estudio de la obra de Toledo. Nos confrontan con lo m\u00e1s primitivo de un artista en formaci\u00f3n: la sementera, el entusiasmo inicial e inocente de cualquier joven que se ha resuelto por el acto de valent\u00eda m\u00e1s trascendental en su vida: la decisi\u00f3n de vivir por el arte\u201d, concluyen los voceros.<\/p>\n\n\n\n<p>\u201cSementera. Dibujos adolescentes de Francisco Toledo\u201d, est\u00e1 disponible en la Galer\u00eda Arte Binario del Centro Nacional de las Artes hasta el pr\u00f3ximo 28 de enero. La entrada es completamente libre.<\/p>\n\n\n\n<p>(Informaci\u00f3n de \u201cEl Heraldo de M\u00e9xico\u201d)<\/p>\n","protected":false},"excerpt":{"rendered":"<p>Redacci\u00f3n\/Zona Roja Cdmx. Ciudad de M\u00e9xico, a 19 de noviembre de 2023.- El pintor oaxaque\u00f1o&hellip;<\/p>\n","protected":false},"author":2,"featured_media":62212,"comment_status":"closed","ping_status":"open","sticky":false,"template":"","format":"standard","meta":{"_lmt_disableupdate":"","_lmt_disable":"","_jetpack_memberships_contains_paid_content":false,"footnotes":""},"categories":[109,46],"tags":[677],"class_list":["post-62211","post","type-post","status-publish","format-standard","has-post-thumbnail","hentry","category-minuto-a-minuto","category-zona-blanca","tag-francisco-toledo"],"jetpack_featured_media_url":"https:\/\/zonaroja.com.mx\/wp-content\/uploads\/2023\/11\/Dibujos-Francisco-Toledo.jpeg","jetpack_sharing_enabled":true,"_links":{"self":[{"href":"https:\/\/zonaroja.com.mx\/index.php?rest_route=\/wp\/v2\/posts\/62211","targetHints":{"allow":["GET"]}}],"collection":[{"href":"https:\/\/zonaroja.com.mx\/index.php?rest_route=\/wp\/v2\/posts"}],"about":[{"href":"https:\/\/zonaroja.com.mx\/index.php?rest_route=\/wp\/v2\/types\/post"}],"author":[{"embeddable":true,"href":"https:\/\/zonaroja.com.mx\/index.php?rest_route=\/wp\/v2\/users\/2"}],"replies":[{"embeddable":true,"href":"https:\/\/zonaroja.com.mx\/index.php?rest_route=%2Fwp%2Fv2%2Fcomments&post=62211"}],"version-history":[{"count":2,"href":"https:\/\/zonaroja.com.mx\/index.php?rest_route=\/wp\/v2\/posts\/62211\/revisions"}],"predecessor-version":[{"id":62231,"href":"https:\/\/zonaroja.com.mx\/index.php?rest_route=\/wp\/v2\/posts\/62211\/revisions\/62231"}],"wp:featuredmedia":[{"embeddable":true,"href":"https:\/\/zonaroja.com.mx\/index.php?rest_route=\/wp\/v2\/media\/62212"}],"wp:attachment":[{"href":"https:\/\/zonaroja.com.mx\/index.php?rest_route=%2Fwp%2Fv2%2Fmedia&parent=62211"}],"wp:term":[{"taxonomy":"category","embeddable":true,"href":"https:\/\/zonaroja.com.mx\/index.php?rest_route=%2Fwp%2Fv2%2Fcategories&post=62211"},{"taxonomy":"post_tag","embeddable":true,"href":"https:\/\/zonaroja.com.mx\/index.php?rest_route=%2Fwp%2Fv2%2Ftags&post=62211"}],"curies":[{"name":"wp","href":"https:\/\/api.w.org\/{rel}","templated":true}]}}