{"id":6222,"date":"2019-11-30T11:55:01","date_gmt":"2019-11-30T17:55:01","guid":{"rendered":"https:\/\/www.zonaroja.com.mx\/?p=6222"},"modified":"2019-11-30T11:55:40","modified_gmt":"2019-11-30T17:55:40","slug":"opta-gobierno-por-la-fuerza-publica-para-desalojar-con-violencia-a-yaitepec","status":"publish","type":"post","link":"https:\/\/zonaroja.com.mx\/?p=6222","title":{"rendered":"Opta gobierno por la fuerza p\u00fablica para desalojar con violencia a Yaitepec"},"content":{"rendered":"\n<p>Redacci\u00f3n\/Zona Roja.<\/p>\n\n\n\n<p>Oaxaca de Ju\u00e1rez, Oax., 30 de noviembre de 2019.-&nbsp;Una persona fallecida, desparecidos \u2013dentro de ellos ni\u00f1os y personas de la tercera edad-, desmayadas y un revuelo por parte de las y los habitantes de Santiago Yaitepec, es el saldo preliminar del desalojo de \u201cEl Pedimento\u201d y el paraje R\u00edo Manteca, que conduce a Santa Catarina Juquila.<\/p>\n\n\n\n<p>Aproximadamente a las 09.30 horas de este s\u00e1bado, elementos de la Polic\u00eda Estatal y la Guardia Nacional arribaron a la zona para retirar el bloqueo que encabezaban habitantes de Santiago Yaitepec en la zona de \u201cEl Pedimento\u201d.&nbsp;<\/p>\n\n\n\n<p>Con rezos, la entonaci\u00f3n del himno nacional y la colocaci\u00f3n de una bandera blanca en son de paz, mujeres chatinas de Yaitepec buscaron detener el desalojo,<\/p>\n\n\n\n<p>sin embargo la presencia de elementos de seguridad local y federal y el uso de la fuerza p\u00fablica consiguieron apoderarse del sitio religioso m\u00e1s visitado en la entidad oaxaque\u00f1a.<\/p>\n\n\n\n<p>Habitantes de Santiago Yaitepec, particularmente en el paraje R\u00edo Manteca reprocharon el actuar de los elementos de seguridad ya que aseguraron no pueden reprimir al pueblo ind\u00edgena sin antes establecer di\u00e1logo, situaci\u00f3n que aseguran no ha sucedido hasta el momento.<\/p>\n\n\n\n<p>Lo anterior pese a las declaraciones de las autoridades de la Secretar\u00eda General de Gobierno que asegura haber sostenido reuniones y mesas de trabajo con las partes involucradas en el conflicto, situaci\u00f3n que negaron y recriminaron el uso de gas lacrim\u00f3geno en contra de la poblaci\u00f3n conformada en su mayor\u00eda por ni\u00f1a, ni\u00f1os, mujeres y personas de la tercera edad.<\/p>\n\n\n\n<p>Fue justamente en este paraje donde aseguraron que debido al desalojo una persona muri\u00f3, otros m\u00e1s se encuentran desaparecidos, mientras que ni\u00f1as, ni\u00f1os y mujeres entraron en crisis de p\u00e1nico ante la irrupci\u00f3n de las fuerzas del orden p\u00fablico.<\/p>\n\n\n\n<p>Finalmente acusaron a sus vecinos de Santa Catarina Juquila de arrebatarles sus lugares sagrados a la comunidad chatina, como son \u201cEl Pedimento\u201d y \u201cSiete Honduras\u201d, situaci\u00f3n que ha impedido que se generen acuerdo entre ambas localidades que viven en conflicto desde hace d\u00e9cadas pero recientemente se ha reavivado.<br class=\"Apple-interchange-newline\" \/><\/p>\n","protected":false},"excerpt":{"rendered":"<p>Redacci\u00f3n\/Zona Roja. Oaxaca de Ju\u00e1rez, Oax., 30 de noviembre de 2019.-&nbsp;Una persona fallecida, desparecidos \u2013dentro&hellip;<\/p>\n","protected":false},"author":2,"featured_media":6221,"comment_status":"closed","ping_status":"open","sticky":false,"template":"","format":"standard","meta":{"_lmt_disableupdate":"","_lmt_disable":"","_jetpack_memberships_contains_paid_content":false,"footnotes":""},"categories":[109,51],"tags":[545,1078],"class_list":["post-6222","post","type-post","status-publish","format-standard","has-post-thumbnail","hentry","category-minuto-a-minuto","category-zona-roja","tag-santa-catarina-juquila","tag-santiago-yami-tepec"],"jetpack_featured_media_url":"https:\/\/zonaroja.com.mx\/wp-content\/uploads\/2019\/11\/ezy-watermark_30-11-2019_10-15-43a.-m..jpg","jetpack_sharing_enabled":true,"_links":{"self":[{"href":"https:\/\/zonaroja.com.mx\/index.php?rest_route=\/wp\/v2\/posts\/6222","targetHints":{"allow":["GET"]}}],"collection":[{"href":"https:\/\/zonaroja.com.mx\/index.php?rest_route=\/wp\/v2\/posts"}],"about":[{"href":"https:\/\/zonaroja.com.mx\/index.php?rest_route=\/wp\/v2\/types\/post"}],"author":[{"embeddable":true,"href":"https:\/\/zonaroja.com.mx\/index.php?rest_route=\/wp\/v2\/users\/2"}],"replies":[{"embeddable":true,"href":"https:\/\/zonaroja.com.mx\/index.php?rest_route=%2Fwp%2Fv2%2Fcomments&post=6222"}],"version-history":[{"count":1,"href":"https:\/\/zonaroja.com.mx\/index.php?rest_route=\/wp\/v2\/posts\/6222\/revisions"}],"predecessor-version":[{"id":6223,"href":"https:\/\/zonaroja.com.mx\/index.php?rest_route=\/wp\/v2\/posts\/6222\/revisions\/6223"}],"wp:featuredmedia":[{"embeddable":true,"href":"https:\/\/zonaroja.com.mx\/index.php?rest_route=\/wp\/v2\/media\/6221"}],"wp:attachment":[{"href":"https:\/\/zonaroja.com.mx\/index.php?rest_route=%2Fwp%2Fv2%2Fmedia&parent=6222"}],"wp:term":[{"taxonomy":"category","embeddable":true,"href":"https:\/\/zonaroja.com.mx\/index.php?rest_route=%2Fwp%2Fv2%2Fcategories&post=6222"},{"taxonomy":"post_tag","embeddable":true,"href":"https:\/\/zonaroja.com.mx\/index.php?rest_route=%2Fwp%2Fv2%2Ftags&post=6222"}],"curies":[{"name":"wp","href":"https:\/\/api.w.org\/{rel}","templated":true}]}}