{"id":62220,"date":"2023-11-19T08:00:00","date_gmt":"2023-11-19T14:00:00","guid":{"rendered":"http:\/\/www.zonaroja.com.mx\/?p=62220"},"modified":"2023-11-18T19:59:56","modified_gmt":"2023-11-19T01:59:56","slug":"logra-litigio-estrategico-dos-criterios-jurisprudenciales-a-favor-de-personas-indigenas","status":"publish","type":"post","link":"https:\/\/zonaroja.com.mx\/?p=62220","title":{"rendered":"Logra Litigio Estrat\u00e9gico dos criterios jurisprudenciales a favor de personas ind\u00edgenas"},"content":{"rendered":"\n<p>Redacci\u00f3n\/Zona Roja.<\/p>\n\n\n\n<p>Oaxaca de Ju\u00e1rez, Oax., 19 de noviembre de 2023.- La asociaci\u00f3n civil Litigio Estrat\u00e9gico Ind\u00edgena logr\u00f3 que el Poder Judicial de la Federaci\u00f3n emitiera dos nuevos criterios jurisprudenciales a favor de las personas ind\u00edgenas, al promover un juicio de amparo ante la negativa de otorgar un permiso a un trabajador de la Fiscal\u00eda General de Justicia de la Ciudad de M\u00e9xico para ocupar un cargo obligatorio en su comunidad.<\/p>\n\n\n\n<p>El vig\u00e9simo Tribunal Colegiado en Materia Administrativa del Primer Circuito resolvi\u00f3 que la Ley Org\u00e1nica de la Fiscal\u00eda General de Justicia de la Ciudad de M\u00e9xico viola los derechos a la igualdad y a la no discriminaci\u00f3n de las personas ind\u00edgenas que forman parte del persona sustantivo.<\/p>\n\n\n\n<p>Lo anterior, porque no prev\u00e9 la posibilidad de otorgarles una reserva de plaza para desempe\u00f1ar cargos obligatorios en sus comunidades ind\u00edgenas.<\/p>\n\n\n\n<p>Una persona ind\u00edgena que laboraba en la entonces Procuradur\u00eda General de Justicia del Distrito Federal, solicit\u00f3 un permiso para ausentarse de sus labores con la finalidad de ocupar un cargo obligatorio en su comunidad.<\/p>\n\n\n\n<p>Sin embargo, esta reserva de plaza le fue negada bajo el argumento de que el art\u00edculo 54, fracci\u00f3n XI, de la Ley Org\u00e1nica \u00fanicamente establece esa posibilidad de otorgarlo para ocupar cargos directivos dentro de la administraci\u00f3n p\u00fablica federal, local y municipal.<\/p>\n\n\n\n<p>Esta negativa provoc\u00f3 que la persona ind\u00edgena renunciara a su trabajo, y promovi\u00f3 juicio de amparo indirecto contra la negativa y el art\u00edculo referidos. La Jueza de Distrito lo sobresey\u00f3 al estimar que la renuncia imped\u00eda restituirla en sus derechos, pues una eventual concesi\u00f3n de la protecci\u00f3n constitucional implicar\u00eda que se le otorgara una reserva de plaza respecto de un cargo que ya no desempe\u00f1aba.<\/p>\n\n\n\n<p>Litigio Estrat\u00e9gico Ind\u00edgena tom\u00f3 el caso y acompa\u00f1\u00f3 al joven mixteco de Oaxaca que deb\u00eda ocupar un cargo obligatorio en su comunidad; solicit\u00f3 un recurso de revisi\u00f3n y ahora el Tribunal Colegiado de la Ciudad de M\u00e9xico revoc\u00f3 la resoluci\u00f3n de la Jueza de Distrito, y se le concedi\u00f3 el amparo, pero adem\u00e1s, gener\u00f3 dos nuevos criterios jurisprudenciales.<\/p>\n\n\n\n<p>El Tribunal Colegiado estableci\u00f3 que el art\u00edculo 54, fracci\u00f3n XI, de la Ley Org\u00e1nica de la Procuradur\u00eda General de Justicia del Distrito Federal abrogada, viola los derechos a la igualdad y a la no discriminaci\u00f3n, previstos en el art\u00edculo 10. de la Constituci\u00f3n Pol\u00edtica de los Estados Unidos Mexicanos. Esto, en perjuicio de las personas ind\u00edgenas que formen parte del personal sustantivo de ese organismo p\u00fablico y soliciten una reserva de plaza para cumplir con un cargo obligatorio en su comunidad.<\/p>\n\n\n\n<p>En su sentencia, explic\u00f3 que la aparente neutralidad del art\u00edculo 54, fracci\u00f3n XI, genera de manera indirecta o por resultado un trato diferenciado injustificado con impactos negativos desproporcionados en perjuicio de quienes tambi\u00e9n son personas ind\u00edgenas y pretendan ausentarse de sus labores para cumplir con un cargo obligatorio dentro de su comunidad.<\/p>\n\n\n\n<p>Porque les impide, en primer lugar, cumplir con una obligaci\u00f3n cuya inobservancia puede ser sancionada con la p\u00e9rdida de sus derechos comunitarios e, inclusive, con su expulsi\u00f3n de la comunidad.<\/p>\n\n\n\n<p>En segundo lugar, porque les impide ejercer un derecho convencional y constitucional estrechamente vinculado tanto con su identidad y desarrollo personal, como con la conservaci\u00f3n de la normativa, costumbres, tradiciones e instituciones sociales, econ\u00f3micas, culturales y pol\u00edticas de su comunidad.<\/p>\n","protected":false},"excerpt":{"rendered":"<p>Redacci\u00f3n\/Zona Roja. Oaxaca de Ju\u00e1rez, Oax., 19 de noviembre de 2023.- La asociaci\u00f3n civil Litigio&hellip;<\/p>\n","protected":false},"author":2,"featured_media":62221,"comment_status":"closed","ping_status":"open","sticky":false,"template":"","format":"standard","meta":{"_lmt_disableupdate":"","_lmt_disable":"","_jetpack_memberships_contains_paid_content":false,"footnotes":""},"categories":[109,46],"tags":[897],"class_list":["post-62220","post","type-post","status-publish","format-standard","has-post-thumbnail","hentry","category-minuto-a-minuto","category-zona-blanca","tag-litigio-estrategico-indigena"],"jetpack_featured_media_url":"https:\/\/zonaroja.com.mx\/wp-content\/uploads\/2023\/11\/Fiscalia-Ciudad-de-Mexico.jpeg","jetpack_sharing_enabled":true,"_links":{"self":[{"href":"https:\/\/zonaroja.com.mx\/index.php?rest_route=\/wp\/v2\/posts\/62220","targetHints":{"allow":["GET"]}}],"collection":[{"href":"https:\/\/zonaroja.com.mx\/index.php?rest_route=\/wp\/v2\/posts"}],"about":[{"href":"https:\/\/zonaroja.com.mx\/index.php?rest_route=\/wp\/v2\/types\/post"}],"author":[{"embeddable":true,"href":"https:\/\/zonaroja.com.mx\/index.php?rest_route=\/wp\/v2\/users\/2"}],"replies":[{"embeddable":true,"href":"https:\/\/zonaroja.com.mx\/index.php?rest_route=%2Fwp%2Fv2%2Fcomments&post=62220"}],"version-history":[{"count":2,"href":"https:\/\/zonaroja.com.mx\/index.php?rest_route=\/wp\/v2\/posts\/62220\/revisions"}],"predecessor-version":[{"id":62226,"href":"https:\/\/zonaroja.com.mx\/index.php?rest_route=\/wp\/v2\/posts\/62220\/revisions\/62226"}],"wp:featuredmedia":[{"embeddable":true,"href":"https:\/\/zonaroja.com.mx\/index.php?rest_route=\/wp\/v2\/media\/62221"}],"wp:attachment":[{"href":"https:\/\/zonaroja.com.mx\/index.php?rest_route=%2Fwp%2Fv2%2Fmedia&parent=62220"}],"wp:term":[{"taxonomy":"category","embeddable":true,"href":"https:\/\/zonaroja.com.mx\/index.php?rest_route=%2Fwp%2Fv2%2Fcategories&post=62220"},{"taxonomy":"post_tag","embeddable":true,"href":"https:\/\/zonaroja.com.mx\/index.php?rest_route=%2Fwp%2Fv2%2Ftags&post=62220"}],"curies":[{"name":"wp","href":"https:\/\/api.w.org\/{rel}","templated":true}]}}