{"id":62223,"date":"2023-11-18T18:38:00","date_gmt":"2023-11-19T00:38:00","guid":{"rendered":"http:\/\/www.zonaroja.com.mx\/?p=62223"},"modified":"2023-11-18T16:42:04","modified_gmt":"2023-11-18T22:42:04","slug":"atacan-sede-de-la-fiscalia-general-de-la-republica-en-tijuana","status":"publish","type":"post","link":"https:\/\/zonaroja.com.mx\/?p=62223","title":{"rendered":"Atacan sede de la Fiscal\u00eda General de la Rep\u00fablica en Tijuana"},"content":{"rendered":"\n<p>Redacci\u00f3n\/Zona Roja Cdmx.<\/p>\n\n\n\n<p>Ciudad de M\u00e9xico, a 18 de noviembre de 2023.- Sujetos armados abrieron fuego a las instalaciones de la Fiscal\u00eda General de la Rep\u00fablica (FGR) con sede en la ciudad de Tijuana, Baja California, en la madrugada de este 18 de noviembre.<\/p>\n\n\n\n<p>De acuerdo con los primeros reportes, las detonaciones se hicieron con armas de grueso calibre cerca de las 3:20 de la madrugada.<\/p>\n\n\n\n<p>Las instalaciones de la FGR se encuentran en la calle Paseo de los H\u00e9roes y Diego Rivera en la Zona R\u00edo de la ciudad fronteriza.<\/p>\n\n\n\n<p>El Semanario Zeta report\u00f3 que al lugar llegaron elementos de la Polic\u00eda Municipal de Tijuana en donde encontraron indicios bal\u00edsticos y veh\u00edculos con da\u00f1os en cristales y carrocer\u00eda.<\/p>\n\n\n\n<p>El medio, que cita testigos del hecho, detall\u00f3 que los pistoleros iban a bordo de un veh\u00edculo Chevrolet S10, color negro; adem\u00e1s de una camioneta XTerra de color blanco.<\/p>\n\n\n\n<p>Por estos hechos se realiz\u00f3 un operativo de seguridad en donde se encontr\u00f3 una camioneta abandonada a la altura de la Cl\u00ednica 7 del Instituto Mexicano del Seguro Social (IMSS), report\u00f3 el Semanario Zeta. El veh\u00edculo era una camioneta tipo RAM de color rojo.<\/p>\n\n\n\n<p>En tanto, el medio inform\u00f3 que los agresores presuntamente escaparon rumbo a la colonia El Florido en una camioneta XTerra, para luego descender del veh\u00edculo y huir por arriba de los techos de las casas. Tambi\u00e9n se detall\u00f3 que la polic\u00eda municipal detuvo a dos sujetos a los cuales se les decomiso un arma larga y un veh\u00edculo.<\/p>\n\n\n\n<p>Infobae M\u00e9xico consult\u00f3 al Ministerio P\u00fablico de la Federaci\u00f3n para conocer los detalles del ataque, pero hasta el momento de esta nota no se han dado a conocer informes sobre el hecho.<\/p>\n\n\n\n<p>Esta casa editorial tambi\u00e9n pudo confirmar que hay dos personas detenidas por estos hechos sin que se dieran m\u00e1s detalles de la agresi\u00f3n armada.<\/p>\n\n\n\n<p>Esta agresi\u00f3n se da ante una escala de violencia en la ciudad fronteriza luego de que el C\u00e1rtel de Tijuana, tambi\u00e9n conocido como C\u00e1rtel de los Arellano F\u00e9lix (CAF), amenaz\u00f3 de muerte el pasado 25 de octubre a quienes no cumplan con la prohibici\u00f3n de producci\u00f3n y venta de fentanilo que impusieron Los Chapitos del C\u00e1rtel de Sinaloa en la ciudad de Culiac\u00e1n, su principal basti\u00f3n, y otros estados del norte del pa\u00eds.<\/p>\n\n\n\n<p>\u201cCompartimos los ideales de nuestros amigos Los Chapitos en erradicar totalmente la producci\u00f3n de fentanilo, venta y trasiego al pa\u00eds vecino y al estado de Baja California Norte. El que haga caso omiso a estas \u00f3rdenes se le cortar\u00e1 la cabeza. Att: C\u00e1rtel Arellano F\u00e9lix\u201d, se lee en una de las lonas colgadas en varias partes de Tijuana.<\/p>\n\n\n\n<p>(Infobae M\u00e9xico)<\/p>\n","protected":false},"excerpt":{"rendered":"<p>Redacci\u00f3n\/Zona Roja Cdmx. Ciudad de M\u00e9xico, a 18 de noviembre de 2023.- Sujetos armados abrieron&hellip;<\/p>\n","protected":false},"author":2,"featured_media":62224,"comment_status":"closed","ping_status":"open","sticky":false,"template":"","format":"standard","meta":{"_lmt_disableupdate":"","_lmt_disable":"","_jetpack_memberships_contains_paid_content":false,"footnotes":""},"categories":[109,47],"tags":[3734],"class_list":["post-62223","post","type-post","status-publish","format-standard","has-post-thumbnail","hentry","category-minuto-a-minuto","category-zona-gris","tag-baja-california"],"jetpack_featured_media_url":"https:\/\/zonaroja.com.mx\/wp-content\/uploads\/2023\/11\/Fiscalia-FGR-Tijuana-Baja-California.jpeg","jetpack_sharing_enabled":true,"_links":{"self":[{"href":"https:\/\/zonaroja.com.mx\/index.php?rest_route=\/wp\/v2\/posts\/62223","targetHints":{"allow":["GET"]}}],"collection":[{"href":"https:\/\/zonaroja.com.mx\/index.php?rest_route=\/wp\/v2\/posts"}],"about":[{"href":"https:\/\/zonaroja.com.mx\/index.php?rest_route=\/wp\/v2\/types\/post"}],"author":[{"embeddable":true,"href":"https:\/\/zonaroja.com.mx\/index.php?rest_route=\/wp\/v2\/users\/2"}],"replies":[{"embeddable":true,"href":"https:\/\/zonaroja.com.mx\/index.php?rest_route=%2Fwp%2Fv2%2Fcomments&post=62223"}],"version-history":[{"count":1,"href":"https:\/\/zonaroja.com.mx\/index.php?rest_route=\/wp\/v2\/posts\/62223\/revisions"}],"predecessor-version":[{"id":62225,"href":"https:\/\/zonaroja.com.mx\/index.php?rest_route=\/wp\/v2\/posts\/62223\/revisions\/62225"}],"wp:featuredmedia":[{"embeddable":true,"href":"https:\/\/zonaroja.com.mx\/index.php?rest_route=\/wp\/v2\/media\/62224"}],"wp:attachment":[{"href":"https:\/\/zonaroja.com.mx\/index.php?rest_route=%2Fwp%2Fv2%2Fmedia&parent=62223"}],"wp:term":[{"taxonomy":"category","embeddable":true,"href":"https:\/\/zonaroja.com.mx\/index.php?rest_route=%2Fwp%2Fv2%2Fcategories&post=62223"},{"taxonomy":"post_tag","embeddable":true,"href":"https:\/\/zonaroja.com.mx\/index.php?rest_route=%2Fwp%2Fv2%2Ftags&post=62223"}],"curies":[{"name":"wp","href":"https:\/\/api.w.org\/{rel}","templated":true}]}}