{"id":62235,"date":"2023-11-19T10:00:00","date_gmt":"2023-11-19T16:00:00","guid":{"rendered":"http:\/\/www.zonaroja.com.mx\/?p=62235"},"modified":"2023-11-19T07:16:33","modified_gmt":"2023-11-19T13:16:33","slug":"concluye-conversatorio-para-que-sirve-el-periodismo-detectan-nuevos-retos","status":"publish","type":"post","link":"https:\/\/zonaroja.com.mx\/?p=62235","title":{"rendered":"Concluye conversatorio \u00bfPara qu\u00e9 sirve el periodismo?; detectan nuevos retos"},"content":{"rendered":"\n<p>Yuridiana Sosa\/Zona Roja.<\/p>\n\n\n\n<p>Oaxaca de Ju\u00e1rez, Oax., 19 de noviembre de 2023.- Periodistas de Oaxaca lograron reunirse con \u00e9xito en el \u201cConversatorio \u00bfPara qu\u00e9 sirve el periodismo?\u201d, en el que lograron detectar nuevos retos por enfrentar.<\/p>\n\n\n\n<p>Durante cuatro semanas, en las que se desarrollaron 10 sesiones con la participaci\u00f3n de 22 expositores, el gremio period\u00edstico en Oaxaca realiz\u00f3 un diagn\u00f3stico para conocer las condiciones en las que los periodistas hacen frente a los nuevos desaf\u00edos ejercer su labor.<\/p>\n\n\n\n<p>Durante este ejercicio, organizado por Francisco J. S\u00e1nchez, Wilfrido L\u00f3pez Torres y Antonio Guti\u00e9rrez Sumano, encontraron distintos saberes, viejos esquemas, estereotipos de audiencias; adem\u00e1s de los enfocados en el desarrollo tecnol\u00f3gico, modelos de negocios.<\/p>\n\n\n\n<p>Pero, principalmente, sali\u00f3 a la luz la dif\u00edcil crisis de periodistas en el desempleado bajos o que cuentan con bajos salarios, as\u00ed como problemas de salud mental.&nbsp;<\/p>\n\n\n\n<p>Pese a todo eso, tambi\u00e9n encontraron que existe una enorme vocaci\u00f3n, compromiso con el periodismo y las audiencias; adem\u00e1s, entre los desaf\u00edos, la utilizaci\u00f3n de un nuevo lenguaje.&nbsp;<\/p>\n\n\n\n<p>Al cierre de estos encuentros realizaron diversos planteamientos para superar los problemas y los retos.<\/p>\n\n\n\n<p>Entre estos planteamientos tambi\u00e9n fue regresar al origen del periodismo, del lector, del televidente y de las audiencias digitales.<\/p>\n\n\n\n<p>Otra de las acciones futuras que plantearon fue regionalizar los conversatorios en el estado de Oaxaca, elaborar un diagn\u00f3stico de las condiciones en las que se hace periodismo y proponer un plan de trabajo a largo plazo.&nbsp;<\/p>\n\n\n\n<p>Pero adem\u00e1s, a trav\u00e9s de este ejercicio, el gremio tambi\u00e9n de considero necesaria la actualizaci\u00f3n de conocimientos y saberes; de la capacitaci\u00f3n para un ejercicio de alto nivel y \u00e9tico.<\/p>\n\n\n\n<p>En lo encuentros que tuvieron como sede&nbsp; la Casa de la Cultura Oaxaque\u00f1a, en la capital, participaron m\u00e1s de 300 periodistas, estudiantes, acad\u00e9micos, emprendedores, empresarios, televidentes y audiencias digitales.<\/p>\n\n\n\n<p>Se trataron de sesiones en el formato de charlas entre los integrantes del medio, con la interacci\u00f3n de las audiencias de los diferentes medios de comunicaci\u00f3n.<\/p>\n","protected":false},"excerpt":{"rendered":"<p>Yuridiana Sosa\/Zona Roja. Oaxaca de Ju\u00e1rez, Oax., 19 de noviembre de 2023.- Periodistas de Oaxaca&hellip;<\/p>\n","protected":false},"author":2,"featured_media":62217,"comment_status":"closed","ping_status":"open","sticky":false,"template":"","format":"standard","meta":{"_lmt_disableupdate":"","_lmt_disable":"","_jetpack_memberships_contains_paid_content":false,"footnotes":""},"categories":[109,46],"tags":[],"class_list":["post-62235","post","type-post","status-publish","format-standard","has-post-thumbnail","hentry","category-minuto-a-minuto","category-zona-blanca"],"jetpack_featured_media_url":"https:\/\/zonaroja.com.mx\/wp-content\/uploads\/2023\/11\/Foro-periodistas-Oaxaca.jpg","jetpack_sharing_enabled":true,"_links":{"self":[{"href":"https:\/\/zonaroja.com.mx\/index.php?rest_route=\/wp\/v2\/posts\/62235","targetHints":{"allow":["GET"]}}],"collection":[{"href":"https:\/\/zonaroja.com.mx\/index.php?rest_route=\/wp\/v2\/posts"}],"about":[{"href":"https:\/\/zonaroja.com.mx\/index.php?rest_route=\/wp\/v2\/types\/post"}],"author":[{"embeddable":true,"href":"https:\/\/zonaroja.com.mx\/index.php?rest_route=\/wp\/v2\/users\/2"}],"replies":[{"embeddable":true,"href":"https:\/\/zonaroja.com.mx\/index.php?rest_route=%2Fwp%2Fv2%2Fcomments&post=62235"}],"version-history":[{"count":1,"href":"https:\/\/zonaroja.com.mx\/index.php?rest_route=\/wp\/v2\/posts\/62235\/revisions"}],"predecessor-version":[{"id":62236,"href":"https:\/\/zonaroja.com.mx\/index.php?rest_route=\/wp\/v2\/posts\/62235\/revisions\/62236"}],"wp:featuredmedia":[{"embeddable":true,"href":"https:\/\/zonaroja.com.mx\/index.php?rest_route=\/wp\/v2\/media\/62217"}],"wp:attachment":[{"href":"https:\/\/zonaroja.com.mx\/index.php?rest_route=%2Fwp%2Fv2%2Fmedia&parent=62235"}],"wp:term":[{"taxonomy":"category","embeddable":true,"href":"https:\/\/zonaroja.com.mx\/index.php?rest_route=%2Fwp%2Fv2%2Fcategories&post=62235"},{"taxonomy":"post_tag","embeddable":true,"href":"https:\/\/zonaroja.com.mx\/index.php?rest_route=%2Fwp%2Fv2%2Ftags&post=62235"}],"curies":[{"name":"wp","href":"https:\/\/api.w.org\/{rel}","templated":true}]}}