{"id":62237,"date":"2023-11-19T12:00:00","date_gmt":"2023-11-19T18:00:00","guid":{"rendered":"http:\/\/www.zonaroja.com.mx\/?p=62237"},"modified":"2023-11-19T07:16:01","modified_gmt":"2023-11-19T13:16:01","slug":"logra-fiscalia-sentencia-de-40-anos-de-prision-contra-secuestrador-de-la-costa","status":"publish","type":"post","link":"https:\/\/zonaroja.com.mx\/?p=62237","title":{"rendered":"Logra Fiscal\u00eda sentencia de 40 a\u00f1os de prisi\u00f3n contra secuestrador de la Costa"},"content":{"rendered":"\n<p>Redacci\u00f3n\/Zona Roja.&nbsp;<\/p>\n\n\n\n<p>Oaxaca de Ju\u00e1rez, Oax., a &nbsp;19 de noviembre de 2023.- &nbsp;La Fiscal\u00eda General del Estado de Oaxaca (FGEO) obtuvo una sentencia condenatoria de 40 a\u00f1os de prisi\u00f3n en contra de Jos\u00e9 Luis C. C., por su responsabilidad en la comisi\u00f3n del delito de Equiparado al Secuestro, cometido en la regi\u00f3n de la Costa.<\/p>\n\n\n\n<p>De acuerdo con las investigaciones realizadas por la FGEO, las cuales estuvieron a cargo de la Vicefiscal\u00eda Regional de la Costa, Jos\u00e9 Luis C. C. ten\u00eda una deuda econ\u00f3mica con una persona a la que le entreg\u00f3 un veh\u00edculo de motor, el cual hab\u00eda obtenido derivado de una conducta criminal, como parte del pago por un secuestro.<\/p>\n\n\n\n<p>A pesar de que Jos\u00e9 Luis C. C. ten\u00eda conocimiento de la procedencia il\u00edcita del autom\u00f3vil, lo entreg\u00f3 para saldar la deuda, acci\u00f3n que afectaba patrimonialmente a las v\u00edctimas, por lo que la FGEO tom\u00f3 conocimiento del caso.<\/p>\n\n\n\n<p>Tras detener al imputado, la Fiscal\u00eda de Oaxaca entreg\u00f3 al Juez del caso las pruebas obtenidas en las investigaciones, por lo que luego de evaluarlas, dict\u00f3 sentencia condenatoria de 40 a\u00f1os de prisi\u00f3n en contra de Jos\u00e9 Luis C. C., por su responsabilidad en la comisi\u00f3n del delito de Equiparado al Secuestro, adem\u00e1s que impuso el pago de una multa y la reparaci\u00f3n del da\u00f1o.&nbsp;<\/p>\n\n\n\n<p>La Fiscal\u00eda de Oaxaca lleva a cabo investigaciones diligentes para buscar la sanci\u00f3n de cualquier conducta criminal que afecte el tejido social en el estado, para que las v\u00edctimas tengan pleno acceso a la justicia.<\/p>\n","protected":false},"excerpt":{"rendered":"<p>Redacci\u00f3n\/Zona Roja.&nbsp; Oaxaca de Ju\u00e1rez, Oax., a &nbsp;19 de noviembre de 2023.- &nbsp;La Fiscal\u00eda General&hellip;<\/p>\n","protected":false},"author":2,"featured_media":48536,"comment_status":"closed","ping_status":"open","sticky":false,"template":"","format":"standard","meta":{"_lmt_disableupdate":"","_lmt_disable":"","_jetpack_memberships_contains_paid_content":false,"footnotes":""},"categories":[109,46],"tags":[494],"class_list":["post-62237","post","type-post","status-publish","format-standard","has-post-thumbnail","hentry","category-minuto-a-minuto","category-zona-blanca","tag-fiscalia-general-del-estado-de-oaxaca"],"jetpack_featured_media_url":"https:\/\/zonaroja.com.mx\/wp-content\/uploads\/2022\/11\/Carcel-prision-separos-detenido-1.jpeg","jetpack_sharing_enabled":true,"_links":{"self":[{"href":"https:\/\/zonaroja.com.mx\/index.php?rest_route=\/wp\/v2\/posts\/62237","targetHints":{"allow":["GET"]}}],"collection":[{"href":"https:\/\/zonaroja.com.mx\/index.php?rest_route=\/wp\/v2\/posts"}],"about":[{"href":"https:\/\/zonaroja.com.mx\/index.php?rest_route=\/wp\/v2\/types\/post"}],"author":[{"embeddable":true,"href":"https:\/\/zonaroja.com.mx\/index.php?rest_route=\/wp\/v2\/users\/2"}],"replies":[{"embeddable":true,"href":"https:\/\/zonaroja.com.mx\/index.php?rest_route=%2Fwp%2Fv2%2Fcomments&post=62237"}],"version-history":[{"count":1,"href":"https:\/\/zonaroja.com.mx\/index.php?rest_route=\/wp\/v2\/posts\/62237\/revisions"}],"predecessor-version":[{"id":62238,"href":"https:\/\/zonaroja.com.mx\/index.php?rest_route=\/wp\/v2\/posts\/62237\/revisions\/62238"}],"wp:featuredmedia":[{"embeddable":true,"href":"https:\/\/zonaroja.com.mx\/index.php?rest_route=\/wp\/v2\/media\/48536"}],"wp:attachment":[{"href":"https:\/\/zonaroja.com.mx\/index.php?rest_route=%2Fwp%2Fv2%2Fmedia&parent=62237"}],"wp:term":[{"taxonomy":"category","embeddable":true,"href":"https:\/\/zonaroja.com.mx\/index.php?rest_route=%2Fwp%2Fv2%2Fcategories&post=62237"},{"taxonomy":"post_tag","embeddable":true,"href":"https:\/\/zonaroja.com.mx\/index.php?rest_route=%2Fwp%2Fv2%2Ftags&post=62237"}],"curies":[{"name":"wp","href":"https:\/\/api.w.org\/{rel}","templated":true}]}}