{"id":62239,"date":"2023-11-19T11:00:00","date_gmt":"2023-11-19T17:00:00","guid":{"rendered":"http:\/\/www.zonaroja.com.mx\/?p=62239"},"modified":"2023-11-19T07:18:43","modified_gmt":"2023-11-19T13:18:43","slug":"agreden-presuntas-alumnas-a-profesor-del-ipn-senalado-de-acoso-sexual","status":"publish","type":"post","link":"https:\/\/zonaroja.com.mx\/?p=62239","title":{"rendered":"Agreden presuntas alumnas a profesor del IPN se\u00f1alado de acoso sexual"},"content":{"rendered":"\n<p>Redacci\u00f3n\/Zona Roja Cdmx.<\/p>\n\n\n\n<p>Ciudad de M\u00e9xico, a 19 de noviembre de 2023.- Un grupo de j\u00f3venes, supuestamente alumnas del Centro de Estudios Cient\u00edficos y Tecnol\u00f3gicos (Cecyt) N\u00famero 8 del Instituto Polit\u00e9cnico Nacional (IPN), enfrentaron a un profesor se\u00f1alado por acoso.<\/p>\n\n\n\n<p>El momento de la agresi\u00f3n contra el docente qued\u00f3 registrado en un video difundido en redes sociales, en el que se puede escuchar tambi\u00e9n a una joven explicando por qu\u00e9 tomaron la decisi\u00f3n de recurrir a la violencia.<\/p>\n\n\n\n<p>De acuerdo con la mujer que tom\u00f3 la palabra, el profesor del IPN ha hostigado tanto a estudiantes como profesoras de la instituci\u00f3n y emitido amenazas en su contra.<\/p>\n\n\n\n<p>\u201cUsted siendo una persona casada ha acosado hasta maestras, alumnas y hasta ha amenazado. No lo queremos dentro de esta instituci\u00f3n y si esto no se cumple no nos quedar\u00e1 m\u00e1s que irnos a paro porque no es la primera vez lo que hace, no es la primera vez que tiene relaci\u00f3n con una menor\u201d, dijo.<\/p>\n\n\n\n<p>Tras el discurso la joven dio a sus acompa\u00f1antes la se\u00f1al para que se acercaran al hombre y lo agredieran. El profesor, incr\u00e9dulo, cuestion\u00f3: \u201cO sea, \u00bfme van a atacar?\u201d.<\/p>\n\n\n\n<p>J\u00f3venes vestidas de negro, con el rostro cubierto con paliacates morados, movieron la mesa y comenzaron a golpear simult\u00e1neamente al hombre. Algunas de ellas lo llamaban ped\u00f3filo.<\/p>\n\n\n\n<p>El docente termin\u00f3 tirado sobre el suelo, contra una pared, mientras las inconformes lo insultaban y segu\u00edan dando golpes. Tambi\u00e9n acab\u00f3 cubierto con pintura morada que le arrojaron.<\/p>\n\n\n\n<p>Finalmente el hombre fue arrastrado fuera del aula, entre gritos de \u201c\u00a1Fuera Palma!\u201d y \u201c\u00a1Las morritas tambi\u00e9n tienen derechos!\u201d.<\/p>\n\n\n\n<p>La grabaci\u00f3n fue compartida por una usuaria de la red social X, identificada como Renata Villareal, quien afirm\u00f3 que las alumnas denunciaron al profesor y que hasta el momento no han recibido una respuesta satisfactoria, lo cual las llev\u00f3 al hartazgo. Tambi\u00e9n se\u00f1al\u00f3 que en otros planteles las estudiantes est\u00e1n tomando medidas ante el acoso por parte de docentes.<\/p>\n\n\n\n<p>\u201cAlumnas del Voca 8 del @IPN_MX se hartaron del encubrimiento y la falta de atenci\u00f3n a sus denuncias contra maestros agresores y acosadores. Otros planteles dieron a conocer ya, listas de profesores denunciados y se pronunciaron para tomar acciones en conjunto\u201d, escribi\u00f3 la mujer este 18 de noviembre.<\/p>\n\n\n\n<p>Estudiante del IPN editaba fotos de sus compa\u00f1eras con IA<\/p>\n\n\n\n<p>Esta no es la primera vez que alumnas del IPN denuncian acoso y violencia en su contra. Una denuncia reciente fue por parte de estudiantes de la Escuela Superior de Comercio y Administraci\u00f3n (ESCA) Santo Tom\u00e1s en contra de un compa\u00f1ero al que acusaron de editar sus fotos con Inteligencia Artificial (IA) sin su consentimiento.<\/p>\n\n\n\n<p>El estudiante, identificado como Diego \u201cN\u201d, fue acusado de editar las fotos para que pareciera que sus compa\u00f1eras estaban desnudas y de comercializar el material.<\/p>\n\n\n\n<p>Tras manifestaciones de la comunidad estudiante el acusado fue dado de baja por el IPN y agentes de la Polic\u00eda de Investigaci\u00f3n (PDI) lo detuvieron por presunta violencia digital.<\/p>\n\n\n\n<p>(Informaci\u00f3n de Infobae M\u00e9xico)<\/p>\n","protected":false},"excerpt":{"rendered":"<p>Redacci\u00f3n\/Zona Roja Cdmx. Ciudad de M\u00e9xico, a 19 de noviembre de 2023.- Un grupo de&hellip;<\/p>\n","protected":false},"author":2,"featured_media":62240,"comment_status":"closed","ping_status":"open","sticky":false,"template":"","format":"standard","meta":{"_lmt_disableupdate":"","_lmt_disable":"","_jetpack_memberships_contains_paid_content":false,"footnotes":""},"categories":[109,47],"tags":[],"class_list":["post-62239","post","type-post","status-publish","format-standard","has-post-thumbnail","hentry","category-minuto-a-minuto","category-zona-gris"],"jetpack_featured_media_url":"https:\/\/zonaroja.com.mx\/wp-content\/uploads\/2023\/11\/acoso-sexual-agresion-IPN.jpg","jetpack_sharing_enabled":true,"_links":{"self":[{"href":"https:\/\/zonaroja.com.mx\/index.php?rest_route=\/wp\/v2\/posts\/62239","targetHints":{"allow":["GET"]}}],"collection":[{"href":"https:\/\/zonaroja.com.mx\/index.php?rest_route=\/wp\/v2\/posts"}],"about":[{"href":"https:\/\/zonaroja.com.mx\/index.php?rest_route=\/wp\/v2\/types\/post"}],"author":[{"embeddable":true,"href":"https:\/\/zonaroja.com.mx\/index.php?rest_route=\/wp\/v2\/users\/2"}],"replies":[{"embeddable":true,"href":"https:\/\/zonaroja.com.mx\/index.php?rest_route=%2Fwp%2Fv2%2Fcomments&post=62239"}],"version-history":[{"count":1,"href":"https:\/\/zonaroja.com.mx\/index.php?rest_route=\/wp\/v2\/posts\/62239\/revisions"}],"predecessor-version":[{"id":62241,"href":"https:\/\/zonaroja.com.mx\/index.php?rest_route=\/wp\/v2\/posts\/62239\/revisions\/62241"}],"wp:featuredmedia":[{"embeddable":true,"href":"https:\/\/zonaroja.com.mx\/index.php?rest_route=\/wp\/v2\/media\/62240"}],"wp:attachment":[{"href":"https:\/\/zonaroja.com.mx\/index.php?rest_route=%2Fwp%2Fv2%2Fmedia&parent=62239"}],"wp:term":[{"taxonomy":"category","embeddable":true,"href":"https:\/\/zonaroja.com.mx\/index.php?rest_route=%2Fwp%2Fv2%2Fcategories&post=62239"},{"taxonomy":"post_tag","embeddable":true,"href":"https:\/\/zonaroja.com.mx\/index.php?rest_route=%2Fwp%2Fv2%2Ftags&post=62239"}],"curies":[{"name":"wp","href":"https:\/\/api.w.org\/{rel}","templated":true}]}}