{"id":62242,"date":"2023-11-19T14:00:00","date_gmt":"2023-11-19T20:00:00","guid":{"rendered":"http:\/\/www.zonaroja.com.mx\/?p=62242"},"modified":"2023-11-19T07:23:32","modified_gmt":"2023-11-19T13:23:32","slug":"en-alianza-gobierno-de-oaxaca-y-municipio-transforman-xoxocotlan","status":"publish","type":"post","link":"https:\/\/zonaroja.com.mx\/?p=62242","title":{"rendered":"En alianza, gobierno de Oaxaca y municipio transforman Xoxocotl\u00e1n"},"content":{"rendered":"\n<p>Redacci\u00f3n\/Zona Roja.<\/p>\n\n\n\n<p>Oaxaca de Ju\u00e1rez, Oax., a 19 de noviembre de 2023.-&nbsp;Ante el Gobernador del Estado, Salom\u00f3n Jara Cruz, el presidente municipal de Santa Cruz Xoxocotl\u00e1n, Inocente Castellanos Alejos, reafirm\u00f3 su compromiso por impulsar la transformaci\u00f3n y mejora en la calidad de vida de las y los habitantes de esta comunidad.<\/p>\n\n\n\n<p>En un acto sin precedentes efectuado este s\u00e1bado, ambas autoridades dejaron de manifiesto que para lograr el verdadero desarrollo de la Entidad, la unidad y el trabajo en equipo es fundamental.<\/p>\n\n\n\n<p>Y es que \u201cChente\u201d Castellanos fue el anfitri\u00f3n del mandatario estatal, quien acompa\u00f1ado de integrantes de su gabinete present\u00f3, ante las y los xoxe\u00f1os, la estrategia 100 Municipios Territorios Bienestar, con la que se invertir\u00e1n m\u00e1s de 130 millones de pesos en acciones, equipamiento, obras e infraestructura en esta comunidad.<\/p>\n\n\n\n<p>En su mensaje de bienvenida, el mun\u00edcipe confirm\u00f3 su alianza y la del pueblo que representa con la Primavera Oaxaque\u00f1a, al tiempo en que reconoci\u00f3 que a un a\u00f1o de iniciado el gobierno de Jara Cruz, se avanza en Oaxaca con esperanza de lograr la transformaci\u00f3n que merece la entidad.<\/p>\n\n\n\n<p>\u201cMe siento muy honrado de recibir en Santa Cruz Xoxocotl\u00e1n a nuestro gobernador, porque esto deja en claro que estamos forjando una alianza a favor de este municipio y de Oaxaca. Les aseguro que, trabajando en unidad a esta transformaci\u00f3n ya nada la detiene, porque nuestro pueblo merece seguir avanzando hacia un futuro prometedor\u201d, manifest\u00f3.<\/p>\n\n\n\n<p>HAY DISPOSICI\u00d3N<\/p>\n\n\n\n<p>En su momento y previo al informe que ofrecieron los funcionarios estatales, acerca de la entrega de equipo e inversiones diversas que se aplican en Xoxocotl\u00e1n, el titular del Ejecutivo, Salom\u00f3n Jara Cruz, agradeci\u00f3 la anfitrion\u00eda del pueblo xoxe\u00f1o y sus autoridades municipales, al tiempo en que reconoci\u00f3 la disposici\u00f3n que ha tenido \u201cChente\u201d Castellanos para establecer acuerdos y coordinar esfuerzos que beneficien a las y los xoxe\u00f1os.<\/p>\n\n\n\n<p>\u201cHoy queremos informarles que para nosotros es muy importante atender las necesidades en educaci\u00f3n, salud y bienestar en nuestros pueblos, porque Oaxaca no puede seguir en el atraso y abandono, nos faltaba un buen gobierno, ahora lo tenemos y vamos a trabajar aqu\u00ed con ustedes para sacar a Xoxo y Oaxaca adelante\u201d, indic\u00f3.<\/p>\n\n\n\n<p>Ambas autoridades, reiteraron su inter\u00e9s en esta alianza cuyo beneficio ser\u00e1 para la poblaci\u00f3n y a favor de la entidad, pues trabajar unidos permite un mayor avance en ese objetivo.<\/p>\n\n\n\n<p>De acuerdo a los datos expuestos por los funcionarios presentes, las inversiones dirigidas a Xoxocotl\u00e1n consideran cr\u00e9ditos a artesanas a trav\u00e9s del programa Mujeres Tejiendo su Historia; impulso a la capacitaci\u00f3n para el trabajo; microcr\u00e9ditos para proyectos productivos; formaci\u00f3n empresarial para mujeres; credencializaci\u00f3n de personas artesanas; certificaci\u00f3n de polic\u00edas, entrega de uniformes y una patrulla; atenci\u00f3n alimentaria y asistencia social a grupos prioritarios.<\/p>\n\n\n\n<p>De igual manera se incluye equipamiento a escuelas y obras de infraestructura, acciones para construir el bienestar y desarrollo de las comunidades.&nbsp;<\/p>\n\n\n\n<p>En este encuentro estuvieron presentes tambi\u00e9n, los diputados Nancy Ben\u00edtez y Horacio Sosa Villavicencio.<\/p>\n","protected":false},"excerpt":{"rendered":"<p>Redacci\u00f3n\/Zona Roja. Oaxaca de Ju\u00e1rez, Oax., a 19 de noviembre de 2023.-&nbsp;Ante el Gobernador del&hellip;<\/p>\n","protected":false},"author":2,"featured_media":62244,"comment_status":"closed","ping_status":"open","sticky":false,"template":"","format":"standard","meta":{"_lmt_disableupdate":"","_lmt_disable":"","_jetpack_memberships_contains_paid_content":false,"footnotes":""},"categories":[109,46],"tags":[133],"class_list":["post-62242","post","type-post","status-publish","format-standard","has-post-thumbnail","hentry","category-minuto-a-minuto","category-zona-blanca","tag-santa-cruz-xoxocotlan"],"jetpack_featured_media_url":"https:\/\/zonaroja.com.mx\/wp-content\/uploads\/2023\/11\/Salomon-Jara-Inocente-Castellanos-Xoxocotlan.jpg","jetpack_sharing_enabled":true,"_links":{"self":[{"href":"https:\/\/zonaroja.com.mx\/index.php?rest_route=\/wp\/v2\/posts\/62242","targetHints":{"allow":["GET"]}}],"collection":[{"href":"https:\/\/zonaroja.com.mx\/index.php?rest_route=\/wp\/v2\/posts"}],"about":[{"href":"https:\/\/zonaroja.com.mx\/index.php?rest_route=\/wp\/v2\/types\/post"}],"author":[{"embeddable":true,"href":"https:\/\/zonaroja.com.mx\/index.php?rest_route=\/wp\/v2\/users\/2"}],"replies":[{"embeddable":true,"href":"https:\/\/zonaroja.com.mx\/index.php?rest_route=%2Fwp%2Fv2%2Fcomments&post=62242"}],"version-history":[{"count":1,"href":"https:\/\/zonaroja.com.mx\/index.php?rest_route=\/wp\/v2\/posts\/62242\/revisions"}],"predecessor-version":[{"id":62245,"href":"https:\/\/zonaroja.com.mx\/index.php?rest_route=\/wp\/v2\/posts\/62242\/revisions\/62245"}],"wp:featuredmedia":[{"embeddable":true,"href":"https:\/\/zonaroja.com.mx\/index.php?rest_route=\/wp\/v2\/media\/62244"}],"wp:attachment":[{"href":"https:\/\/zonaroja.com.mx\/index.php?rest_route=%2Fwp%2Fv2%2Fmedia&parent=62242"}],"wp:term":[{"taxonomy":"category","embeddable":true,"href":"https:\/\/zonaroja.com.mx\/index.php?rest_route=%2Fwp%2Fv2%2Fcategories&post=62242"},{"taxonomy":"post_tag","embeddable":true,"href":"https:\/\/zonaroja.com.mx\/index.php?rest_route=%2Fwp%2Fv2%2Ftags&post=62242"}],"curies":[{"name":"wp","href":"https:\/\/api.w.org\/{rel}","templated":true}]}}