{"id":62246,"date":"2023-11-19T15:00:00","date_gmt":"2023-11-19T21:00:00","guid":{"rendered":"http:\/\/www.zonaroja.com.mx\/?p=62246"},"modified":"2023-11-19T07:59:51","modified_gmt":"2023-11-19T13:59:51","slug":"denuncia-ucrania-que-rusia-recrudece-sus-ataques-con-drones","status":"publish","type":"post","link":"https:\/\/zonaroja.com.mx\/?p=62246","title":{"rendered":"Denuncia Ucrania que Rusia recrudece sus ataques con drones"},"content":{"rendered":"\n<p>Redacci\u00f3n\/Zona Roja Cdmx.<\/p>\n\n\n\n<p>Ciudad de M\u00e9xico, a 19 de noviembre de 2023.- Ucrania report\u00f3 ayer un recrudecimiento de los ataques nocturnos con drones explosivos Shahed de fabricaci\u00f3n iran\u00ed lanzados por Rusia, y la acus\u00f3 de haber disparado 38 sobre su territorio, el n\u00famero m\u00e1s elevado en m\u00e1s de seis semanas, lo que caus\u00f3 cortes de electricidad en m\u00e1s de 400 ciudades y pueblos en el sur, sureste y norte del pa\u00eds.<\/p>\n\n\n\n<p>La fuerza a\u00e9rea ucrania asegur\u00f3 haber abatido 29 de los 38 aparatos a\u00e9reos no tripulados entre las 20 horas de antier y las 4 de la madrugada de ayer. Seg\u00fan el ej\u00e9rcito, es el mayor n\u00famero de drones lanzados en un ataque nocturno desde el 30 de septiembre.<\/p>\n\n\n\n<p>Una refiner\u00eda de petr\u00f3leo fue alcanzada en la zona de Odesa, en el sur del pa\u00eds, aunque el incendio derivado fue r\u00e1pidamente extinguido, seg\u00fan los servicios de emergencia. Tambi\u00e9n result\u00f3 da\u00f1ado un edificio administrativo y un civil qued\u00f3 herido en el embate, apunt\u00f3 el mando militar del sur en un comunicado en la red social Telegram.<\/p>\n\n\n\n<p>El Ministerio de Energ\u00eda inform\u00f3 que hab\u00eda electricidad suficiente en el sistema para cubrir las necesidades del pa\u00eds, pero que los drones explosivos privaron de electricidad a mil 550 consumidores debido a los destrozos en la red.<\/p>\n\n\n\n<p>Anteriormente, se inform\u00f3 que 416 localidades de las regiones de Odesa y Zaporiyia, en el sureste, sufr\u00edan un apag\u00f3n debido a los bombardeos.<\/p>\n\n\n\n<p>En la regi\u00f3n septentrional de Chern\u00edgov, en la frontera con Rusia y Bielorrusia, dos edificios de infraestructura resultaron da\u00f1ados, seg\u00fan los militares.<\/p>\n\n\n\n<p>El ministerio a\u00f1adi\u00f3 que seis asentamientos estaban sin electricidad en la regi\u00f3n de Chern\u00edgov. Los drones tambi\u00e9n apuntaron a Kiev en el segundo ataque en lo que va de mes, seg\u00fan las autoridades, que a\u00f1adieron que todos los no tripulados que se dirig\u00edan a la capital fueron derribados.<\/p>\n\n\n\n<p>Sin derecho a relajarse<\/p>\n\n\n\n<p>Este a\u00f1o Ucrania ha tenido un oto\u00f1o inusualmente c\u00e1lido. Pero a medida que las temperaturas empiezan a bajar, las autoridades han instado a residentes y empresas a prepararse para nuevos ataques. \u201cNo tenemos derecho a relajarnos\u201d, declar\u00f3 Volodymir Kudrytskiy, director del operador de la red el\u00e9ctrica Ukrenergo.<\/p>\n\n\n\n<p>Por otro lado, el Estado Mayor del pa\u00eds invadido declar\u00f3 que sus fuerzas \u201csiguen manteniendo sus posiciones en la orilla izquierda del r\u00edo Dni\u00e9per\u201d.<\/p>\n\n\n\n<p>Desde hace m\u00e1s de un a\u00f1o, las fuerzas ucranias y rusas est\u00e1n atrincheradas de un lado y otro de este caudaloso r\u00edo situado en la regi\u00f3n meridional de Jers\u00f3n.<\/p>\n\n\n\n<p>(Informaci\u00f3n de Afp y Reuters en \u201cLa Jornada\u201d)<\/p>\n","protected":false},"excerpt":{"rendered":"<p>Redacci\u00f3n\/Zona Roja Cdmx. Ciudad de M\u00e9xico, a 19 de noviembre de 2023.- Ucrania report\u00f3 ayer&hellip;<\/p>\n","protected":false},"author":2,"featured_media":47044,"comment_status":"closed","ping_status":"open","sticky":false,"template":"","format":"standard","meta":{"_lmt_disableupdate":"","_lmt_disable":"","_jetpack_memberships_contains_paid_content":false,"footnotes":""},"categories":[109,47],"tags":[3040],"class_list":["post-62246","post","type-post","status-publish","format-standard","has-post-thumbnail","hentry","category-minuto-a-minuto","category-zona-gris","tag-conflicto-ucrania-rusia-2"],"jetpack_featured_media_url":"https:\/\/zonaroja.com.mx\/wp-content\/uploads\/2022\/10\/Drones-Kamikaze-Rusia.jpeg","jetpack_sharing_enabled":true,"_links":{"self":[{"href":"https:\/\/zonaroja.com.mx\/index.php?rest_route=\/wp\/v2\/posts\/62246","targetHints":{"allow":["GET"]}}],"collection":[{"href":"https:\/\/zonaroja.com.mx\/index.php?rest_route=\/wp\/v2\/posts"}],"about":[{"href":"https:\/\/zonaroja.com.mx\/index.php?rest_route=\/wp\/v2\/types\/post"}],"author":[{"embeddable":true,"href":"https:\/\/zonaroja.com.mx\/index.php?rest_route=\/wp\/v2\/users\/2"}],"replies":[{"embeddable":true,"href":"https:\/\/zonaroja.com.mx\/index.php?rest_route=%2Fwp%2Fv2%2Fcomments&post=62246"}],"version-history":[{"count":1,"href":"https:\/\/zonaroja.com.mx\/index.php?rest_route=\/wp\/v2\/posts\/62246\/revisions"}],"predecessor-version":[{"id":62247,"href":"https:\/\/zonaroja.com.mx\/index.php?rest_route=\/wp\/v2\/posts\/62246\/revisions\/62247"}],"wp:featuredmedia":[{"embeddable":true,"href":"https:\/\/zonaroja.com.mx\/index.php?rest_route=\/wp\/v2\/media\/47044"}],"wp:attachment":[{"href":"https:\/\/zonaroja.com.mx\/index.php?rest_route=%2Fwp%2Fv2%2Fmedia&parent=62246"}],"wp:term":[{"taxonomy":"category","embeddable":true,"href":"https:\/\/zonaroja.com.mx\/index.php?rest_route=%2Fwp%2Fv2%2Fcategories&post=62246"},{"taxonomy":"post_tag","embeddable":true,"href":"https:\/\/zonaroja.com.mx\/index.php?rest_route=%2Fwp%2Fv2%2Ftags&post=62246"}],"curies":[{"name":"wp","href":"https:\/\/api.w.org\/{rel}","templated":true}]}}