{"id":6225,"date":"2019-11-30T14:53:04","date_gmt":"2019-11-30T20:53:04","guid":{"rendered":"https:\/\/www.zonaroja.com.mx\/?p=6225"},"modified":"2019-11-30T14:53:21","modified_gmt":"2019-11-30T20:53:21","slug":"confirman-muerte-de-una-mujer-de-yaitepec-tras-desalojo-violento-en-el-pedimento","status":"publish","type":"post","link":"https:\/\/zonaroja.com.mx\/?p=6225","title":{"rendered":"Confirman muerte de una mujer de Yaitepec tras desalojo violento en \u201cEl Pedimento\u201d"},"content":{"rendered":"\n<p>Redacci\u00f3n\/Zona Roja.&nbsp;<\/p>\n\n\n\n<p>Oaxaca de Ju\u00e1rez, Oax., 30 de noviembre de 2019.-&nbsp;Maximina Carmona Salinas fue la v\u00edctima mortal del &nbsp;operativo que realizaron esta ma\u00f1ana elementos de la Polic\u00eda Estatal y Guardia Nacional en inmediaciones de \u201cEl Pedimento\u201d sitio religioso m\u00e1s importante de la entidad oaxaque\u00f1a y que se mantiene en pugna por habitantes de Santa Catarina Juquila y Santiago Yaitepec.<\/p>\n\n\n\n<p>Comerciante, dedicada a la venta de tortillas y tamales, la mujer de 77 a\u00f1os de edad fue empujada bruscamente por los elementos de la fuerza p\u00fablica, quienes adem\u00e1s le rociaron gas lacrim\u00f3geno mientras realizaba su actividad comercial diaria en inmediaciones de \u201cEl Pedimento\u201d, ello de acuerdo con los testigos de los hechos.<\/p>\n\n\n\n<p>El cuerpo de la mujer es velado al interior de una vivienda humilde en Barrio Grande, perteneciente a Santiago Yaitepec, donde sus familiares dolidos y lastimados aseguraron no contar con recursos que les permita darle sepultura y lamentaron el operativo realizado por las autoridades en contra de su pueblo. &nbsp;<\/p>\n\n\n\n<p><a href=\"\/\/1\">Desde la ma\u00f1ana<\/a>&nbsp;de este s\u00e1bado con excesivo uso de la fuerza p\u00fablica de acuerdo con los testimonios de las y los pobladores de Yaitepec, elementos de seguridad p\u00fablica se apoderaron de \u201cEl Pedimento\u201d en donde se ubicaban ni\u00f1os, ni\u00f1as, mujeres y personas adultas realizando actividades comerciales. &nbsp;<\/p>\n\n\n\n<p>Un veh\u00edculo incendiado debido al impacto de cartuchos de gases lacrim\u00f3genos fue parte de los da\u00f1os materiales en el paraje R\u00edo Manteca, en el que decenas de mujeres con lagrimas en los ojos denunciaron que ni\u00f1as, ni\u00f1os y personas de la localidades resultaron afectados emocionalmente con el ingreso de la polic\u00eda a la zona.<\/p>\n\n\n\n<p>Las autoridades del gobierno de Oaxaca, encabezado por Alejandro Murat Hinojosa, se comprometieron a intervenir en la problem\u00e1tica luego de una serie de bloqueos carreteros y toma de dependencias que realizaron esta semana, en la capital del estado, habitantes y autoridades de Santa Catarina Juquila.<br class=\"Apple-interchange-newline\" \/><\/p>\n","protected":false},"excerpt":{"rendered":"<p>Redacci\u00f3n\/Zona Roja.&nbsp; Oaxaca de Ju\u00e1rez, Oax., 30 de noviembre de 2019.-&nbsp;Maximina Carmona Salinas fue la&hellip;<\/p>\n","protected":false},"author":2,"featured_media":6224,"comment_status":"closed","ping_status":"open","sticky":false,"template":"","format":"standard","meta":{"_lmt_disableupdate":"","_lmt_disable":"","_jetpack_memberships_contains_paid_content":false,"footnotes":""},"categories":[109,51],"tags":[1079,546],"class_list":["post-6225","post","type-post","status-publish","format-standard","has-post-thumbnail","hentry","category-minuto-a-minuto","category-zona-roja","tag-el-pedimento","tag-santiago-yaitepec"],"jetpack_featured_media_url":"https:\/\/zonaroja.com.mx\/wp-content\/uploads\/2019\/11\/ezy-watermark_30-11-2019_12-25-21p.-m..jpg","jetpack_sharing_enabled":true,"_links":{"self":[{"href":"https:\/\/zonaroja.com.mx\/index.php?rest_route=\/wp\/v2\/posts\/6225","targetHints":{"allow":["GET"]}}],"collection":[{"href":"https:\/\/zonaroja.com.mx\/index.php?rest_route=\/wp\/v2\/posts"}],"about":[{"href":"https:\/\/zonaroja.com.mx\/index.php?rest_route=\/wp\/v2\/types\/post"}],"author":[{"embeddable":true,"href":"https:\/\/zonaroja.com.mx\/index.php?rest_route=\/wp\/v2\/users\/2"}],"replies":[{"embeddable":true,"href":"https:\/\/zonaroja.com.mx\/index.php?rest_route=%2Fwp%2Fv2%2Fcomments&post=6225"}],"version-history":[{"count":1,"href":"https:\/\/zonaroja.com.mx\/index.php?rest_route=\/wp\/v2\/posts\/6225\/revisions"}],"predecessor-version":[{"id":6226,"href":"https:\/\/zonaroja.com.mx\/index.php?rest_route=\/wp\/v2\/posts\/6225\/revisions\/6226"}],"wp:featuredmedia":[{"embeddable":true,"href":"https:\/\/zonaroja.com.mx\/index.php?rest_route=\/wp\/v2\/media\/6224"}],"wp:attachment":[{"href":"https:\/\/zonaroja.com.mx\/index.php?rest_route=%2Fwp%2Fv2%2Fmedia&parent=6225"}],"wp:term":[{"taxonomy":"category","embeddable":true,"href":"https:\/\/zonaroja.com.mx\/index.php?rest_route=%2Fwp%2Fv2%2Fcategories&post=6225"},{"taxonomy":"post_tag","embeddable":true,"href":"https:\/\/zonaroja.com.mx\/index.php?rest_route=%2Fwp%2Fv2%2Ftags&post=6225"}],"curies":[{"name":"wp","href":"https:\/\/api.w.org\/{rel}","templated":true}]}}