{"id":62251,"date":"2023-11-19T19:10:15","date_gmt":"2023-11-20T01:10:15","guid":{"rendered":"http:\/\/www.zonaroja.com.mx\/?p=62251"},"modified":"2023-11-19T19:10:16","modified_gmt":"2023-11-20T01:10:16","slug":"crece-muestra-de-cine-de-la-mixteca-y-llega-a-8-municipios","status":"publish","type":"post","link":"https:\/\/zonaroja.com.mx\/?p=62251","title":{"rendered":"Crece muestra de Cine de la Mixteca y llega a 8 municipios\u00a0"},"content":{"rendered":"\n<p>Yuridiana&nbsp;Sosa\/Zona Roja.&nbsp;<\/p>\n\n\n\n<p>Oaxaca de Ju\u00e1rez,&nbsp;Oax., a 19 de noviembre de 2023.-&nbsp;La Muestra de&nbsp;Cine de la Mixteca extendi\u00f3 sus salas durante este 2023, en su segunda edici\u00f3n,&nbsp;cuando llega a ocho municipios de la regi\u00f3n, con exposici\u00f3n de cortometrajes y diversas&nbsp;actividades culturales,&nbsp;del 17 al&nbsp;25 de noviembre.&nbsp;<\/p>\n\n\n\n<p>La primera edici\u00f3n tuvo como sede el municipio de Huajuapan de Le\u00f3n, con la asistencia de 200 espectadores, los cuales&nbsp;para este a\u00f1o crecer\u00e1n con proyecciones en San Pedro y San Pablo Teposcolula, Villa de Tamazul\u00e1pam del Progreso,&nbsp;Tezoatl\u00e1n&nbsp;de Segura y Luna, adem\u00e1s de&nbsp;Huajuapan, nuevamente.&nbsp;<\/p>\n\n\n\n<p>A la lista se sum\u00f3 Santiago&nbsp;Chazumba, Mariscala de Ju\u00e1rez, San Jer\u00f3nimo&nbsp;Silacayoapilla ySantiago&nbsp;Cacaloxtepec.&nbsp;&nbsp;<\/p>\n\n\n\n<p>Los cortos a presentarse son \u201cAja\u201d (Agua) de Dennis Noel L\u00f3pez Sosa; \u201cCristo de&nbsp;Ayuxi\u201d, Colectivo Cine Tequio; \u201cEl textil con fotograf\u00eda\u201d, de&nbsp;Lec; \u201cEl Sue\u00f1o del Viejo&nbsp;Manuel\u00f3n\u201d, de Antonio Garc\u00eda; \u201cFlor de la Monta\u00f1a\u201d,&nbsp;de&nbsp;Yovegami&nbsp;Asacna&nbsp;Mora;&nbsp;\u201cIta&nbsp;Vi`I\u201d, de&nbsp;Bonfilia&nbsp;Baustista, Diana Mai y Maritza Gonz\u00e1lez.&nbsp;&nbsp;<\/p>\n\n\n\n<p>El proyecto de este a\u00f1o se realiza con el apoyo del Instituto Mexicano de Cinematograf\u00eda (Incine)&nbsp;a trav\u00e9s de su programa Focine (Programa de Fomento al Cine Mexicano),&nbsp;indic\u00f3 la&nbsp;organizaci\u00f3n del festival de cine.&nbsp;<\/p>\n\n\n\n<p>Cuatro cortometrajes que se presentaron en&nbsp;Teposcolula, en la inauguraci\u00f3n son parte del archivo oaxaque\u00f1o.&nbsp;<\/p>\n\n\n\n<p>El reto de&nbsp;Cine de ka&nbsp;Mixteca: \u201chemos construido el coraz\u00f3n de esta muestra desde el a\u00f1o pasado. Los oaxaque\u00f1os somos narradores de historias, guardianes de tradiciones y constructores de nuestro futuro\u201d.<\/p>\n","protected":false},"excerpt":{"rendered":"<p>Yuridiana&nbsp;Sosa\/Zona Roja.&nbsp; Oaxaca de Ju\u00e1rez,&nbsp;Oax., a 19 de noviembre de 2023.-&nbsp;La Muestra de&nbsp;Cine de la&hellip;<\/p>\n","protected":false},"author":2,"featured_media":62252,"comment_status":"closed","ping_status":"open","sticky":false,"template":"","format":"standard","meta":{"_lmt_disableupdate":"","_lmt_disable":"","_jetpack_memberships_contains_paid_content":false,"footnotes":""},"categories":[109,46],"tags":[3735],"class_list":["post-62251","post","type-post","status-publish","format-standard","has-post-thumbnail","hentry","category-minuto-a-minuto","category-zona-blanca","tag-muestra-de-cine-de-la-mixteca"],"jetpack_featured_media_url":"https:\/\/zonaroja.com.mx\/wp-content\/uploads\/2023\/11\/Muestra-de-cine-de-la-Mixteca.jpeg","jetpack_sharing_enabled":true,"_links":{"self":[{"href":"https:\/\/zonaroja.com.mx\/index.php?rest_route=\/wp\/v2\/posts\/62251","targetHints":{"allow":["GET"]}}],"collection":[{"href":"https:\/\/zonaroja.com.mx\/index.php?rest_route=\/wp\/v2\/posts"}],"about":[{"href":"https:\/\/zonaroja.com.mx\/index.php?rest_route=\/wp\/v2\/types\/post"}],"author":[{"embeddable":true,"href":"https:\/\/zonaroja.com.mx\/index.php?rest_route=\/wp\/v2\/users\/2"}],"replies":[{"embeddable":true,"href":"https:\/\/zonaroja.com.mx\/index.php?rest_route=%2Fwp%2Fv2%2Fcomments&post=62251"}],"version-history":[{"count":1,"href":"https:\/\/zonaroja.com.mx\/index.php?rest_route=\/wp\/v2\/posts\/62251\/revisions"}],"predecessor-version":[{"id":62253,"href":"https:\/\/zonaroja.com.mx\/index.php?rest_route=\/wp\/v2\/posts\/62251\/revisions\/62253"}],"wp:featuredmedia":[{"embeddable":true,"href":"https:\/\/zonaroja.com.mx\/index.php?rest_route=\/wp\/v2\/media\/62252"}],"wp:attachment":[{"href":"https:\/\/zonaroja.com.mx\/index.php?rest_route=%2Fwp%2Fv2%2Fmedia&parent=62251"}],"wp:term":[{"taxonomy":"category","embeddable":true,"href":"https:\/\/zonaroja.com.mx\/index.php?rest_route=%2Fwp%2Fv2%2Fcategories&post=62251"},{"taxonomy":"post_tag","embeddable":true,"href":"https:\/\/zonaroja.com.mx\/index.php?rest_route=%2Fwp%2Fv2%2Ftags&post=62251"}],"curies":[{"name":"wp","href":"https:\/\/api.w.org\/{rel}","templated":true}]}}