{"id":62257,"date":"2023-11-20T07:30:00","date_gmt":"2023-11-20T13:30:00","guid":{"rendered":"http:\/\/www.zonaroja.com.mx\/?p=62257"},"modified":"2023-11-19T20:57:42","modified_gmt":"2023-11-20T02:57:42","slug":"segundo-piso-de-la-4t-va-con-claudia-sheinbaum-asegura-nino-morales","status":"publish","type":"post","link":"https:\/\/zonaroja.com.mx\/?p=62257","title":{"rendered":"Segundo piso de la 4T va con Claudia Sheinbaum, asegura Nino Morales"},"content":{"rendered":"\n<p>Raymundo Morales\/Zona Roja.<\/p>\n\n\n\n<p>Oaxaca de Ju\u00e1rez, Oax., a 20 de noviembre de 2023.- Tras la inscripci\u00f3n ayer de Claudia Sheibaum Pardo como candidata \u00fanica de Morena a la Presidencia de la Rep\u00fablica, \u201csin duda seguiremos haciendo historia\u201d, sostuvo Antonino Morales Toledo.<\/p>\n\n\n\n<p>El referente estatal de la 4T celebr\u00f3 el registro de la aspirante a suceder a Andr\u00e9s Manuel L\u00f3pez Obrador y destac\u00f3 el movimiento transformador de M\u00e9xico continuar\u00e1 su ruta.<\/p>\n\n\n\n<p>V\u00eda sus redes sociales, el joven pol\u00edtico istme\u00f1o destac\u00f3 que Morena va por el segundo piso de la transformaci\u00f3n, con la inscripci\u00f3n de la ex Jefa de Gobierno, para aspirar a dirigir los destinos del pa\u00eds, \u00abes tiempo de las mujeres\u00bb, afirm\u00f3.<\/p>\n\n\n\n<p>Nino Morales destac\u00f3 que la esperanza une a M\u00e9xico y qu\u00e9 mejor hacerlo de la mano de una mujer referente de la transformaci\u00f3n, comprometida con los derechos universales, de firmes lealtades, con probada capacidad y experiencia en el servicio p\u00fablico.<\/p>\n\n\n\n<p>\u00abVamos por el Segundo Piso de la Transformaci\u00f3n. Hoy nuestra compa\u00f1era Claudia Sheinbaum, se registr\u00f3 como precandidata \u00fanica a la Presidencia de la Rep\u00fablica. Sin duda, seguiremos haciendo historia\u00bb, difundi\u00f3 Antonino Morales, en sus redes sociales.<\/p>\n","protected":false},"excerpt":{"rendered":"<p>Raymundo Morales\/Zona Roja. Oaxaca de Ju\u00e1rez, Oax., a 20 de noviembre de 2023.- Tras la&hellip;<\/p>\n","protected":false},"author":2,"featured_media":62258,"comment_status":"closed","ping_status":"open","sticky":false,"template":"","format":"standard","meta":{"_lmt_disableupdate":"","_lmt_disable":"","_jetpack_memberships_contains_paid_content":false,"footnotes":""},"categories":[109,46],"tags":[180],"class_list":["post-62257","post","type-post","status-publish","format-standard","has-post-thumbnail","hentry","category-minuto-a-minuto","category-zona-blanca","tag-antonino-morales-toledo"],"jetpack_featured_media_url":"https:\/\/zonaroja.com.mx\/wp-content\/uploads\/2023\/11\/Antonino-Morales-y-Claudia-Sheinbaum.jpg","jetpack_sharing_enabled":true,"_links":{"self":[{"href":"https:\/\/zonaroja.com.mx\/index.php?rest_route=\/wp\/v2\/posts\/62257","targetHints":{"allow":["GET"]}}],"collection":[{"href":"https:\/\/zonaroja.com.mx\/index.php?rest_route=\/wp\/v2\/posts"}],"about":[{"href":"https:\/\/zonaroja.com.mx\/index.php?rest_route=\/wp\/v2\/types\/post"}],"author":[{"embeddable":true,"href":"https:\/\/zonaroja.com.mx\/index.php?rest_route=\/wp\/v2\/users\/2"}],"replies":[{"embeddable":true,"href":"https:\/\/zonaroja.com.mx\/index.php?rest_route=%2Fwp%2Fv2%2Fcomments&post=62257"}],"version-history":[{"count":1,"href":"https:\/\/zonaroja.com.mx\/index.php?rest_route=\/wp\/v2\/posts\/62257\/revisions"}],"predecessor-version":[{"id":62259,"href":"https:\/\/zonaroja.com.mx\/index.php?rest_route=\/wp\/v2\/posts\/62257\/revisions\/62259"}],"wp:featuredmedia":[{"embeddable":true,"href":"https:\/\/zonaroja.com.mx\/index.php?rest_route=\/wp\/v2\/media\/62258"}],"wp:attachment":[{"href":"https:\/\/zonaroja.com.mx\/index.php?rest_route=%2Fwp%2Fv2%2Fmedia&parent=62257"}],"wp:term":[{"taxonomy":"category","embeddable":true,"href":"https:\/\/zonaroja.com.mx\/index.php?rest_route=%2Fwp%2Fv2%2Fcategories&post=62257"},{"taxonomy":"post_tag","embeddable":true,"href":"https:\/\/zonaroja.com.mx\/index.php?rest_route=%2Fwp%2Fv2%2Ftags&post=62257"}],"curies":[{"name":"wp","href":"https:\/\/api.w.org\/{rel}","templated":true}]}}