{"id":62260,"date":"2023-11-20T11:30:00","date_gmt":"2023-11-20T17:30:00","guid":{"rendered":"http:\/\/www.zonaroja.com.mx\/?p=62260"},"modified":"2023-11-19T21:01:52","modified_gmt":"2023-11-20T03:01:52","slug":"registra-oaxaca-101-victimas-de-probable-feminicidio-en-poco-mas-de-11-meses","status":"publish","type":"post","link":"https:\/\/zonaroja.com.mx\/?p=62260","title":{"rendered":"Registra Oaxaca 101 v\u00edctimas de probable feminicidio en poco m\u00e1s de 11 meses"},"content":{"rendered":"\n<p>Yuridiana Sosa\/Zona Roja.&nbsp;<\/p>\n\n\n\n<p>Oaxaca de Ju\u00e1rez, Oax., a 18 de noviembre de 2023.- Durante el primer a\u00f1o de gesti\u00f3n del gobernador Salom\u00f3n Jara Cruz, del 1 de diciembre de 2022 al 11 de noviembre de 2023, 101 mujeres fueron v\u00edctimas de feminicidio. &nbsp;<\/p>\n\n\n\n<p>La cifra es de acuerdo con las asociaciones civiles defensoras de los derechos de las mujeres en el estado, como Consorcio Oaxaca y del Centro de Documentaci\u00f3n del Grupo de Estudios sobre la Mujer \u201cRosario Castellanos\u201d (GES Mujer).&nbsp;<\/p>\n\n\n\n<p>Aunque la cantidad es menor a los registrados en el primer a\u00f1o de Alejandro Murat, al acumular 117 feminicidios, una de las promesas del actual gobierno fue reducir la cifra de la violencia contra las mujeres.&nbsp;<\/p>\n\n\n\n<p>Tan s\u00f3lo durante el primer mes, las organizaciones registraron 13 casos, mientras que en el segundo mes, fueron 14. En febrero ocurrieron 11 y en marzo nueve. Durante el quinto mes, ocurrieron cinco y en mayo, siete. &nbsp;<\/p>\n\n\n\n<p>En los meses de junio y julio se registraron ocho, respectivamente; en agosto, nueve; septiembre, siste; octubre, siete y hasta el 11 de noviembre, son tres, detall\u00f3 Consorcio Oaxaca.&nbsp;<\/p>\n\n\n\n<p>El conteo de Ges Mujer es de 82 feminicidios del 1 enero al 9 de noviembre de 2023. &nbsp;<\/p>\n\n\n\n<p>Dicha asociaci\u00f3n report\u00f3 que la regi\u00f3n de los Valles Centrales es la de mayor violencia, con 30 feminicidios, representando el 37 por ciento de los hechos; seguido del Istmo, con 16 hechos (20 por ciento) y la Mixteca, con 13 asesinatos (16 por ciento).&nbsp;<\/p>\n\n\n\n<p>El 67 por ciento de las v\u00edctimas no fueron identificadas con uno oficio, sin embargo, con dos casos en cada caso se encuentran profesoras, amas de casa, comerciantes, estudiantes, empresarias y servidoras p\u00fablicas.&nbsp;<\/p>\n\n\n\n<p>La mayor cantidad de mujeres sin vida fueron localizadas en una vivienda, con el 23 por ciento de los casos; en lotes bald\u00edos, el 15 por ciento y en la v\u00eda p\u00fablica con el 11 por ciento, al igual que en carretera o a orilla de carretera.&nbsp;<\/p>\n\n\n\n<p>Respecto al agresor, el 15 por ciento fueron la pareja, entre los que contemplan a esposo, ex esposo, c\u00f3nyuge, novio, exnovio; parientes, 11 por ciento, que pueden ser el padre, hermano, t\u00edo, padrastro, hijos, nieto, yerno, primos, hijo adoptivo.<\/p>\n","protected":false},"excerpt":{"rendered":"<p>Yuridiana Sosa\/Zona Roja.&nbsp; Oaxaca de Ju\u00e1rez, Oax., a 18 de noviembre de 2023.- Durante el&hellip;<\/p>\n","protected":false},"author":2,"featured_media":58836,"comment_status":"closed","ping_status":"open","sticky":false,"template":"","format":"standard","meta":{"_lmt_disableupdate":"","_lmt_disable":"","_jetpack_memberships_contains_paid_content":false,"footnotes":""},"categories":[109,47],"tags":[610],"class_list":["post-62260","post","type-post","status-publish","format-standard","has-post-thumbnail","hentry","category-minuto-a-minuto","category-zona-gris","tag-feminicidios-oaxaca"],"jetpack_featured_media_url":"https:\/\/zonaroja.com.mx\/wp-content\/uploads\/2023\/08\/Feminicidios-Oaxaca-.jpg","jetpack_sharing_enabled":true,"_links":{"self":[{"href":"https:\/\/zonaroja.com.mx\/index.php?rest_route=\/wp\/v2\/posts\/62260","targetHints":{"allow":["GET"]}}],"collection":[{"href":"https:\/\/zonaroja.com.mx\/index.php?rest_route=\/wp\/v2\/posts"}],"about":[{"href":"https:\/\/zonaroja.com.mx\/index.php?rest_route=\/wp\/v2\/types\/post"}],"author":[{"embeddable":true,"href":"https:\/\/zonaroja.com.mx\/index.php?rest_route=\/wp\/v2\/users\/2"}],"replies":[{"embeddable":true,"href":"https:\/\/zonaroja.com.mx\/index.php?rest_route=%2Fwp%2Fv2%2Fcomments&post=62260"}],"version-history":[{"count":1,"href":"https:\/\/zonaroja.com.mx\/index.php?rest_route=\/wp\/v2\/posts\/62260\/revisions"}],"predecessor-version":[{"id":62261,"href":"https:\/\/zonaroja.com.mx\/index.php?rest_route=\/wp\/v2\/posts\/62260\/revisions\/62261"}],"wp:featuredmedia":[{"embeddable":true,"href":"https:\/\/zonaroja.com.mx\/index.php?rest_route=\/wp\/v2\/media\/58836"}],"wp:attachment":[{"href":"https:\/\/zonaroja.com.mx\/index.php?rest_route=%2Fwp%2Fv2%2Fmedia&parent=62260"}],"wp:term":[{"taxonomy":"category","embeddable":true,"href":"https:\/\/zonaroja.com.mx\/index.php?rest_route=%2Fwp%2Fv2%2Fcategories&post=62260"},{"taxonomy":"post_tag","embeddable":true,"href":"https:\/\/zonaroja.com.mx\/index.php?rest_route=%2Fwp%2Fv2%2Ftags&post=62260"}],"curies":[{"name":"wp","href":"https:\/\/api.w.org\/{rel}","templated":true}]}}