{"id":62262,"date":"2023-11-20T14:30:00","date_gmt":"2023-11-20T20:30:00","guid":{"rendered":"http:\/\/www.zonaroja.com.mx\/?p=62262"},"modified":"2023-11-21T07:20:11","modified_gmt":"2023-11-21T13:20:11","slug":"apuestan-por-la-musica-para-combatir-violencia-surge-filarmonica-en-el-dema","status":"publish","type":"post","link":"https:\/\/zonaroja.com.mx\/?p=62262","title":{"rendered":"Apuestan por la m\u00fasica para combatir violencia; surge filarm\u00f3nica en el DEMA\u00a0"},"content":{"rendered":"\n<p>Yuridiana Sosa\/Zona Roja.&nbsp;<\/p>\n\n\n\n<p>Oaxaca de Ju\u00e1rez, Oax., a 20 de noviembre de 2023.- La m\u00fasica se ha convertido en uno de los aliados principales del gobierno de Oaxaca en la lucha contra la violencia.<\/p>\n\n\n\n<p>Por ello se apost\u00f3 en la creaci\u00f3n de una banda musical de la&nbsp;Direcci\u00f3n de Ejecuci\u00f3n de Medidas para Adolescentes (antes Consejo de Tutela), y el surgimiento del \u201cm\u00e9todo musical penitenciario\u201d, anunci\u00f3 el m\u00fasico Nathanael Lorenzo Hern\u00e1ndez.&nbsp;<\/p>\n\n\n\n<p>El director del programa \u201cSomos comunidad, arte y cultura por la paz\u201d del Secretariado Ejecutivo del Sistema Estatal de Seguridad P\u00fablica (SESESP), destac\u00f3 que este proyecto tiene como sustento las comunidades oaxaque\u00f1as que han apostado a lo largo de los a\u00f1os a la m\u00fasica, mostrando bajos \u00edndices delictivos en su entorno.&nbsp;<\/p>\n\n\n\n<p>Dicho programa, dijo, se lleva de forma simult\u00e1nea desde las comunidades y de forma especial entre la poblaci\u00f3n adolescente privada de su libertad, donde surge el \u201cm\u00e9todo musical penitenciario\u201d, que podr\u00eda convertirse en un referente o un modelo y replicarse en otros centros de detenci\u00f3n.&nbsp;<\/p>\n\n\n\n<p>\u201cEl programa replantea lo que se vive en las comunidades con la m\u00fasica. A largo plazo es un mecanismo preventivo de violencia\u201d, destac\u00f3 el director y compositor musical.&nbsp;<\/p>\n\n\n\n<p>El artista indic\u00f3 que esta nueva banda de m\u00fasica podr\u00eda presentarse de forma oficial en el mes de diciembre, luego de un intenso a\u00f1o de formaci\u00f3n musical iniciado en el mes de febrero. &nbsp;<\/p>\n\n\n\n<p>Al inicio de este programa, se apost\u00f3 en \u201cdarle un voto de confianza\u201d a los j\u00f3venes, quienes han demostrado importantes capacidades en la m\u00fasica para sacar adelante a la banda.&nbsp;<\/p>\n\n\n\n<p>En las instalaciones del DEMA, dijo, s\u00f3lo se escucha m\u00fasica, pues sus esfuerzos diarios se han centrado tocar un instrumento.<\/p>\n","protected":false},"excerpt":{"rendered":"<p>Yuridiana Sosa\/Zona Roja.&nbsp; Oaxaca de Ju\u00e1rez, Oax., a 20 de noviembre de 2023.- La m\u00fasica&hellip;<\/p>\n","protected":false},"author":2,"featured_media":62291,"comment_status":"closed","ping_status":"open","sticky":false,"template":"","format":"standard","meta":{"_lmt_disableupdate":"","_lmt_disable":"","_jetpack_memberships_contains_paid_content":false,"footnotes":""},"categories":[109,46],"tags":[1460],"class_list":["post-62262","post","type-post","status-publish","format-standard","has-post-thumbnail","hentry","category-minuto-a-minuto","category-zona-blanca","tag-nathanael-lorenzo-hernandez"],"jetpack_featured_media_url":"https:\/\/zonaroja.com.mx\/wp-content\/uploads\/2023\/11\/DEMA-Direccion-de-Medida-de-Ejecucion-Adolescentes-1.jpg","jetpack_sharing_enabled":true,"_links":{"self":[{"href":"https:\/\/zonaroja.com.mx\/index.php?rest_route=\/wp\/v2\/posts\/62262","targetHints":{"allow":["GET"]}}],"collection":[{"href":"https:\/\/zonaroja.com.mx\/index.php?rest_route=\/wp\/v2\/posts"}],"about":[{"href":"https:\/\/zonaroja.com.mx\/index.php?rest_route=\/wp\/v2\/types\/post"}],"author":[{"embeddable":true,"href":"https:\/\/zonaroja.com.mx\/index.php?rest_route=\/wp\/v2\/users\/2"}],"replies":[{"embeddable":true,"href":"https:\/\/zonaroja.com.mx\/index.php?rest_route=%2Fwp%2Fv2%2Fcomments&post=62262"}],"version-history":[{"count":1,"href":"https:\/\/zonaroja.com.mx\/index.php?rest_route=\/wp\/v2\/posts\/62262\/revisions"}],"predecessor-version":[{"id":62264,"href":"https:\/\/zonaroja.com.mx\/index.php?rest_route=\/wp\/v2\/posts\/62262\/revisions\/62264"}],"wp:featuredmedia":[{"embeddable":true,"href":"https:\/\/zonaroja.com.mx\/index.php?rest_route=\/wp\/v2\/media\/62291"}],"wp:attachment":[{"href":"https:\/\/zonaroja.com.mx\/index.php?rest_route=%2Fwp%2Fv2%2Fmedia&parent=62262"}],"wp:term":[{"taxonomy":"category","embeddable":true,"href":"https:\/\/zonaroja.com.mx\/index.php?rest_route=%2Fwp%2Fv2%2Fcategories&post=62262"},{"taxonomy":"post_tag","embeddable":true,"href":"https:\/\/zonaroja.com.mx\/index.php?rest_route=%2Fwp%2Fv2%2Ftags&post=62262"}],"curies":[{"name":"wp","href":"https:\/\/api.w.org\/{rel}","templated":true}]}}