{"id":62267,"date":"2023-11-20T08:35:00","date_gmt":"2023-11-20T14:35:00","guid":{"rendered":"http:\/\/www.zonaroja.com.mx\/?p=62267"},"modified":"2023-11-20T06:59:43","modified_gmt":"2023-11-20T12:59:43","slug":"inician-precampanas-presidenciales-en-mexico-con-3-candidatos","status":"publish","type":"post","link":"https:\/\/zonaroja.com.mx\/?p=62267","title":{"rendered":"Inician precampa\u00f1as presidenciales en M\u00e9xico con 3 candidatos"},"content":{"rendered":"\n<p>Redacci\u00f3n\/Zona Roja Cdmx.<\/p>\n\n\n\n<p>Ciudad de M\u00e9xico, a 20 de noviembre de 2023.- Luego de cuatro meses en los que desarrollaron procesos internos tanto Morena y sus aliados de los partidos del Trabajo (PT) y Verde Ecologista (PVEM), como en el Frente Amplio por M\u00e9xico (PAN, PRI y PRD), este lunes comienza oficialmente el periodo de precampa\u00f1a presidencial, que concluir\u00e1 el 18 de enero de 2024.<\/p>\n\n\n\n<p>Con ello, empezar\u00e1n sus recorridos por el pa\u00eds Claudia Sheinbaum, quien ayer se registr\u00f3 como precandidata \u00fanica de Morena, PT y PVEM, adem\u00e1s de X\u00f3chitl G\u00e1lvez, quien es la precandidata \u00fanica del bloque opositor. Tambi\u00e9n se encuentra Samuel Garc\u00eda, por parte de Movimiento Ciudadano.<\/p>\n\n\n\n<p>Sheinbaum iniciar\u00e1 con una serie de encuentros con militantes de la 4T en Veracruz. Lo har\u00e1 en Boca del R\u00edo y Medell\u00edn de Bravo este lunes, para seguir el martes en los municipios de \u00c1ngel R. Cabada, Santiago Tuxtla y San Andr\u00e9s Tuxtla.<\/p>\n\n\n\n<p>El mi\u00e9rcoles tiene programado acudir a Minatitl\u00e1n, as\u00ed como a los municipios de C\u00e1rdenas y Nacajuca, en Tabasco. El resto de sus actividades las encabezar\u00e1 en Palenque, Ocosingo y Chamula, en Chiapas, para terminar el s\u00e1bado en Compostela y Xalisco, Nayarit.<\/p>\n\n\n\n<p>G\u00e1lvez previ\u00f3 transmitir un mensaje en los primeros minutos de hoy desde el municipio de Coyuca, Guerrero, en una de las localidades afectadas por el paso del hurac\u00e1n Otis. Despu\u00e9s, tendr\u00e1 un acto en la Plaza de la Mexicanidad, en Ciudad Ju\u00e1rez, Chihuahua, y terminar\u00e1 el d\u00eda con otro m\u00e1s en el Poliforum de la capital de esa entidad.<\/p>\n\n\n\n<p>El martes y el mi\u00e9rcoles continuar\u00e1 con recorridos en los municipios de Delicias y Cuauht\u00e9moc, tambi\u00e9n en Chihuahua.<\/p>\n\n\n\n<p>Mientras, Samuel Garc\u00eda, gobernador con licencia de Nuevo Le\u00f3n, prefiri\u00f3 iniciar en casa y lo har\u00e1 en la Plaza de los Tres Museos, localizada a un lado de la Macroplaza, uno de los espacios ic\u00f3nicos en Monterrey.<\/p>\n\n\n\n<p>A diferencia de los procesos previos, podr\u00e1n pedir de manera directa el apoyo de la ciudadan\u00eda para convertirse en candidatos, pero sin llamar a\u00fan al voto.<\/p>\n","protected":false},"excerpt":{"rendered":"<p>Redacci\u00f3n\/Zona Roja Cdmx. Ciudad de M\u00e9xico, a 20 de noviembre de 2023.- Luego de cuatro&hellip;<\/p>\n","protected":false},"author":2,"featured_media":62268,"comment_status":"closed","ping_status":"open","sticky":false,"template":"","format":"standard","meta":{"_lmt_disableupdate":"","_lmt_disable":"","_jetpack_memberships_contains_paid_content":false,"footnotes":""},"categories":[109,46],"tags":[3580],"class_list":["post-62267","post","type-post","status-publish","format-standard","has-post-thumbnail","hentry","category-minuto-a-minuto","category-zona-blanca","tag-elecciones-mexico-2024"],"jetpack_featured_media_url":"https:\/\/zonaroja.com.mx\/wp-content\/uploads\/2023\/11\/a165a0464d2fa18425fe91022bf22063.jpeg","jetpack_sharing_enabled":true,"_links":{"self":[{"href":"https:\/\/zonaroja.com.mx\/index.php?rest_route=\/wp\/v2\/posts\/62267","targetHints":{"allow":["GET"]}}],"collection":[{"href":"https:\/\/zonaroja.com.mx\/index.php?rest_route=\/wp\/v2\/posts"}],"about":[{"href":"https:\/\/zonaroja.com.mx\/index.php?rest_route=\/wp\/v2\/types\/post"}],"author":[{"embeddable":true,"href":"https:\/\/zonaroja.com.mx\/index.php?rest_route=\/wp\/v2\/users\/2"}],"replies":[{"embeddable":true,"href":"https:\/\/zonaroja.com.mx\/index.php?rest_route=%2Fwp%2Fv2%2Fcomments&post=62267"}],"version-history":[{"count":1,"href":"https:\/\/zonaroja.com.mx\/index.php?rest_route=\/wp\/v2\/posts\/62267\/revisions"}],"predecessor-version":[{"id":62269,"href":"https:\/\/zonaroja.com.mx\/index.php?rest_route=\/wp\/v2\/posts\/62267\/revisions\/62269"}],"wp:featuredmedia":[{"embeddable":true,"href":"https:\/\/zonaroja.com.mx\/index.php?rest_route=\/wp\/v2\/media\/62268"}],"wp:attachment":[{"href":"https:\/\/zonaroja.com.mx\/index.php?rest_route=%2Fwp%2Fv2%2Fmedia&parent=62267"}],"wp:term":[{"taxonomy":"category","embeddable":true,"href":"https:\/\/zonaroja.com.mx\/index.php?rest_route=%2Fwp%2Fv2%2Fcategories&post=62267"},{"taxonomy":"post_tag","embeddable":true,"href":"https:\/\/zonaroja.com.mx\/index.php?rest_route=%2Fwp%2Fv2%2Ftags&post=62267"}],"curies":[{"name":"wp","href":"https:\/\/api.w.org\/{rel}","templated":true}]}}