{"id":62271,"date":"2023-11-20T07:49:19","date_gmt":"2023-11-20T13:49:19","guid":{"rendered":"http:\/\/www.zonaroja.com.mx\/?p=62271"},"modified":"2023-11-20T07:49:21","modified_gmt":"2023-11-20T13:49:21","slug":"opinion-con-pie-izquierdo-inicia-tercer-ano-de-la-65-legislatura","status":"publish","type":"post","link":"https:\/\/zonaroja.com.mx\/?p=62271","title":{"rendered":"Opini\u00f3n. Con pie izquierdo inicia tercer a\u00f1o de la 65 Legislatura"},"content":{"rendered":"\n<p>Ismael Garc\u00eda M.\/Zona Roja.<\/p>\n\n\n\n<p>Oaxaca de Ju\u00e1rez, Oax., a 20 de noviembre de 2023.- La \u201cCuarta transformaci\u00f3n\u201d nada m\u00e1s no llega al Congreso del Estado y los traspi\u00e9s siguen a la orden del d\u00eda\u2026 al igual que los saqueos, en las dos recientes legislaturas de dominio morenista.<\/p>\n\n\n\n<p>Hace una semana, 13 de noviembre, ocurri\u00f3 lo que todos sab\u00edan, la imposici\u00f3n del ex perredista Sergio L\u00f3pez S\u00e1nchez como presidente de la Junta de Coordinaci\u00f3n Pol\u00edtica de la 65 Legislatura, y del ex priista Samuel Gurri\u00f3n Mat\u00edas como presidente de la Mesa Directiva.<\/p>\n\n\n\n<p>Logrando con ello, este tercer y \u00faltimo a\u00f1o de ejercicio legal, que se echara por la borda la equidad en la conformaci\u00f3n de los dos \u00f3rganos, que ahora son dirigidos s\u00f3lo por varones; es decir, un desd\u00e9n a lo que tanto presum\u00edan los morenistas con la paridad en el Poder Legislativo.<\/p>\n\n\n\n<p>Pero adem\u00e1s, mostrando ambos un absoluto desconocimiento de las formalidades legislativas y de la pol\u00edtica de di\u00e1logo, lo que deriv\u00f3 en la retenci\u00f3n por m\u00e1s de cuatro horas de funcionarios e invitados a la entrega del primer informe del gobernador Salom\u00f3n Jara Cruz.<\/p>\n\n\n\n<p>IGUALES TODOS<\/p>\n\n\n\n<p>En el caso de la Jucopo, en realidad \u00fanicamente ha servido para enriquecer a los titulares de ese \u00f3rgano, que en los cinco a\u00f1os recientes han sido militantes del Partido Morena y que han demostrado que son iguales que los dem\u00e1s.<\/p>\n\n\n\n<p>Que hacen lo mismo, o peor, de lo que criticaban de los priistas.<\/p>\n\n\n\n<p>En esta 65 Legislatura, el primer a\u00f1o estuvo a cargo de Laura Estrada Mauro, pero que s\u00f3lo utiliz\u00f3 de trampol\u00edn pol\u00edtico el cargo \u2014que asumi\u00f3 por segunda ocasi\u00f3n\u2014, pues su gesti\u00f3n se caracteriz\u00f3 por la opacidad y por el derroche de los recursos financieros.<\/p>\n\n\n\n<p>M\u00e1s de 500 millones de pesos en un a\u00f1o, que en su mayor\u00eda, se dice en los corrillos morenistas, fueron a parar para un reducido grupo de medios de comunicaci\u00f3n propriistas y morenistas, a fin de apuntalar su campa\u00f1a al Senado de la Rep\u00fablica y para promover a su esposo Miguel \u00c1ngel V\u00e1squez.<\/p>\n\n\n\n<p>Lo mismo ocurri\u00f3 con Luis Alfonso Silva Romo, ex panista y protegido de Gabino Cu\u00e9 Monteagudo en su sexenio, quien desde que inici\u00f3 su gesti\u00f3n en la Jucopo, hace un a\u00f1o, s\u00f3lo se dedic\u00f3 a promover su imagen para buscar la presidencia municipal de Oaxaca de Ju\u00e1rez\u2026 si le alcanza su capital pol\u00edtico.<\/p>\n\n\n\n<p>No hubo ninguna otra acci\u00f3n, ni siquiera iniciativas propias para presentar en el seno del Legislativo, m\u00e1s que de servir de acompa\u00f1ante a No\u00e9 Jara Cruz en tequios y reuniones proselitistas pr\u00e1cticamente todos los d\u00edas, con el consecuente derroche de dinero, como ocurri\u00f3 en su informe en el auditorio \u201cGuelaguetza\u201d.<\/p>\n\n\n\n<p>Apenas la semana pasada, el diario \u201cEl Imparcial\u201d revel\u00f3 que durante la gesti\u00f3n del ahora morenista, el Congreso del Estado se autoriz\u00f3 un incremento de 32 por ciento en su presupuesto; es decir, de 467 millones de pesos, a septiembre pasado ya hab\u00eda superado los 615 millones de pesos, todo en absoluta opacidad.<\/p>\n\n\n\n<p>A mediados de octubre, el IEEPCO se pronunci\u00f3 porque Silva Romo retirara su excesiva propaganda en las calles y autobuses de la capital. Lo hizo tarde y a rega\u00f1adientes, pero ahora tom\u00f3 otro pretexto para seguir publicitando su imagen. Pese a ello, su figura pol\u00edtica simplemente no crece, porque s\u00f3lo vive a la sombra de No\u00e9 Jara.<\/p>\n\n\n\n<p>M\u00c1S DE LO MISMO<\/p>\n\n\n\n<p>Del tercer y \u00faltimo a\u00f1o poco o nada se puede esperar de la 65 Legislatura pues, por un lado, s\u00f3lo seguir\u00e1 siendo caja de recepci\u00f3n de las propuestas que env\u00eda el titular del Poder Ejecutivo, Salom\u00f3n Jara, y que son aprobadas sin chistar, incluso v\u00eda \u201cfast track\u201d.<\/p>\n\n\n\n<p>De Samuel Gurri\u00f3n, ex priista, ex panista y ahora del PVEM, s\u00f3lo se puede esperar las mismas genuflexiones de siempre hacia el poder, con tal de seguir gozando del privilegio presupuestal para s\u00ed y para sus hermanos, empresarios constructores.<\/p>\n\n\n\n<p>Tiene una pesada loza, su relaci\u00f3n con un grupo de transportistas, que tarde o temprano lo reventar\u00e1 y dejar\u00e1 al descubierto una serie de anomal\u00edas y relaciones poco claras.<\/p>\n\n\n\n<p>Sergio L\u00f3pez S\u00e1nchez lo \u00fanico que har\u00e1 tambi\u00e9n es seguir viviendo del presupuesto, como lo ha hecho en distintos cargos, incluyendo la presidencia municipal, y alimentando el nepotismo.<\/p>\n\n\n\n<p>Desde hace muchos a\u00f1os, junto con Toribio \u2014quien el pasado mi\u00e9rcoles dej\u00f3 a un lado su funci\u00f3n de director de la Polic\u00eda Vial para ir a ver a su hermano en el Congreso\u2014 y otros parientes, han sido beneficiados del perredismo-morenismo en m\u00faltiples cargos.<\/p>\n\n\n\n<p>Con la nueva Mesa Directiva y la nueva Jucopo, poco se espera de diferente, pues en el inicio est\u00e1 el final. Sin recato alguno, incluyendo todos los priistas, panistas y perredistas votaron por la nueva conformaci\u00f3n de la Mesa.<\/p>\n\n\n\n<p>Pero ni Samuel Gurri\u00f3n ni Sergio L\u00f3pez supieron y pudieron poner orden el pasado mi\u00e9rcoles, en que por m\u00e1s de cuatro horas el magisterio de la Secci\u00f3n 22 cerr\u00f3 los accesos a la sede del Poder Legislativo y dejaron encerrados a varios secretarios del gabinete, incluyendo Jes\u00fas Romero L\u00f3pez.<\/p>\n\n\n\n<p>Y en el 2024, eminentemente electoral, con la renovaci\u00f3n de presidencias municipales y diputaciones locales, nadie duda que en Oaxaca el saqueo del erario del Congreso continuar\u00e1 por parte de los morenistas y sus aliados.<\/p>\n","protected":false},"excerpt":{"rendered":"<p>Ismael Garc\u00eda M.\/Zona Roja. Oaxaca de Ju\u00e1rez, Oax., a 20 de noviembre de 2023.- La&hellip;<\/p>\n","protected":false},"author":2,"featured_media":41735,"comment_status":"closed","ping_status":"open","sticky":false,"template":"","format":"standard","meta":{"_lmt_disableupdate":"","_lmt_disable":"","_jetpack_memberships_contains_paid_content":false,"footnotes":""},"categories":[456,109,48],"tags":[1353],"class_list":["post-62271","post","type-post","status-publish","format-standard","has-post-thumbnail","hentry","category-columna","category-minuto-a-minuto","category-zona-critica","tag-opinion-zona-critica"],"jetpack_featured_media_url":"https:\/\/zonaroja.com.mx\/wp-content\/uploads\/2022\/05\/Opinion-Ismael-Garcia-M.jpg","jetpack_sharing_enabled":true,"_links":{"self":[{"href":"https:\/\/zonaroja.com.mx\/index.php?rest_route=\/wp\/v2\/posts\/62271","targetHints":{"allow":["GET"]}}],"collection":[{"href":"https:\/\/zonaroja.com.mx\/index.php?rest_route=\/wp\/v2\/posts"}],"about":[{"href":"https:\/\/zonaroja.com.mx\/index.php?rest_route=\/wp\/v2\/types\/post"}],"author":[{"embeddable":true,"href":"https:\/\/zonaroja.com.mx\/index.php?rest_route=\/wp\/v2\/users\/2"}],"replies":[{"embeddable":true,"href":"https:\/\/zonaroja.com.mx\/index.php?rest_route=%2Fwp%2Fv2%2Fcomments&post=62271"}],"version-history":[{"count":1,"href":"https:\/\/zonaroja.com.mx\/index.php?rest_route=\/wp\/v2\/posts\/62271\/revisions"}],"predecessor-version":[{"id":62272,"href":"https:\/\/zonaroja.com.mx\/index.php?rest_route=\/wp\/v2\/posts\/62271\/revisions\/62272"}],"wp:featuredmedia":[{"embeddable":true,"href":"https:\/\/zonaroja.com.mx\/index.php?rest_route=\/wp\/v2\/media\/41735"}],"wp:attachment":[{"href":"https:\/\/zonaroja.com.mx\/index.php?rest_route=%2Fwp%2Fv2%2Fmedia&parent=62271"}],"wp:term":[{"taxonomy":"category","embeddable":true,"href":"https:\/\/zonaroja.com.mx\/index.php?rest_route=%2Fwp%2Fv2%2Fcategories&post=62271"},{"taxonomy":"post_tag","embeddable":true,"href":"https:\/\/zonaroja.com.mx\/index.php?rest_route=%2Fwp%2Fv2%2Ftags&post=62271"}],"curies":[{"name":"wp","href":"https:\/\/api.w.org\/{rel}","templated":true}]}}