{"id":62273,"date":"2023-11-20T09:30:00","date_gmt":"2023-11-20T15:30:00","guid":{"rendered":"http:\/\/www.zonaroja.com.mx\/?p=62273"},"modified":"2023-11-20T09:42:16","modified_gmt":"2023-11-20T15:42:16","slug":"deja-neri-secar-historico-arbol-donado-por-palo-alto-california","status":"publish","type":"post","link":"https:\/\/zonaroja.com.mx\/?p=62273","title":{"rendered":"Deja Neri secar hist\u00f3rico \u00e1rbol donado por Palo Alto, California"},"content":{"rendered":"\n<p>Ismael Garc\u00eda M.\/Zona Roja.<\/p>\n\n\n\n<p>Oaxaca de Ju\u00e1rez, Oax., a 20 de noviembre de 2023.- El hist\u00f3rico cedro donado en 1965 por autoridades de Palo Alto, California, Estados Unidos, se termin\u00f3 por secar, por falta de mantenimiento al arbolado en el parque \u201cEl Llano\u201d de la ciudad de Oaxaca, por parte del ayuntamiento.<\/p>\n\n\n\n<p>El pasado 28 de abril de 2022, el edil Francisco Mart\u00ednez Neri y autoridades de Palo Alto, encabezadas por Tom Du Bois, representante de esa alcald\u00eda norteamericana, develaron una placa al pie del \u00e1rbol, para recalcar la amistad entre ambas demarcaciones; pero dicha placa ya fue retirada con todo y base.<\/p>\n\n\n\n<p>En ese entonces ya se advert\u00eda que el enorme cedro ten\u00eda plagas, al igual que la mayor\u00eda del arbolado en el principal parque de la capital.<\/p>\n\n\n\n<p>Las quejas han sido m\u00faltiples por parte de activistas, como los integrantes del Colectivo de Organizaciones Ambientales de Oaxaca, que han denunciado la creciente plaga en ese sitio y que incluso ha da\u00f1ado varios \u00e1rboles hist\u00f3ricos, incluyendo un higo.<\/p>\n\n\n\n<p>Asimismo, por el impacto que causa tanto a las zonas verdes como a la cantera, las constantes ferias y exposiciones, con la colocaci\u00f3n de lonas y estructuras met\u00e1licas.<\/p>\n\n\n\n<p>Pese a ello, en sus dos a\u00f1os de mandato, el presidente municipal de Oaxaca de Ju\u00e1rez, Francisco Mart\u00ednez Neri, ha evadido impulsar un programa de saneamiento y mantenimiento de los \u00e1rboles en el parque \u201cEl Llano\u201d.<\/p>\n\n\n\n<p>Tampoco ha emitido sanciones en contra de empresas y\/o autoridades que han promovido la instalaci\u00f3n de estructuras.<\/p>\n\n\n\n<p>Aunado a ello, en los dos \u00faltimos a\u00f1os vientos y tormentas han derribado al menos otros cuatro ejemplares grandes, entre ellos laureles, que no han sido repuestos.<\/p>\n\n\n\n<p>Tampoco hay mantenimiento para las zonas jardinadas, que permanecen secas.<\/p>\n","protected":false},"excerpt":{"rendered":"<p>Ismael Garc\u00eda M.\/Zona Roja. Oaxaca de Ju\u00e1rez, Oax., a 20 de noviembre de 2023.- El&hellip;<\/p>\n","protected":false},"author":2,"featured_media":62270,"comment_status":"closed","ping_status":"open","sticky":false,"template":"","format":"standard","meta":{"_lmt_disableupdate":"","_lmt_disable":"","_jetpack_memberships_contains_paid_content":false,"footnotes":""},"categories":[109,47],"tags":[148],"class_list":["post-62273","post","type-post","status-publish","format-standard","has-post-thumbnail","hentry","category-minuto-a-minuto","category-zona-gris","tag-oaxaca-de-juarez"],"jetpack_featured_media_url":"https:\/\/zonaroja.com.mx\/wp-content\/uploads\/2023\/11\/Cendro-parque-el-llano-ciudad-de-Oaxaca-Palo-alto.jpg","jetpack_sharing_enabled":true,"_links":{"self":[{"href":"https:\/\/zonaroja.com.mx\/index.php?rest_route=\/wp\/v2\/posts\/62273","targetHints":{"allow":["GET"]}}],"collection":[{"href":"https:\/\/zonaroja.com.mx\/index.php?rest_route=\/wp\/v2\/posts"}],"about":[{"href":"https:\/\/zonaroja.com.mx\/index.php?rest_route=\/wp\/v2\/types\/post"}],"author":[{"embeddable":true,"href":"https:\/\/zonaroja.com.mx\/index.php?rest_route=\/wp\/v2\/users\/2"}],"replies":[{"embeddable":true,"href":"https:\/\/zonaroja.com.mx\/index.php?rest_route=%2Fwp%2Fv2%2Fcomments&post=62273"}],"version-history":[{"count":2,"href":"https:\/\/zonaroja.com.mx\/index.php?rest_route=\/wp\/v2\/posts\/62273\/revisions"}],"predecessor-version":[{"id":62277,"href":"https:\/\/zonaroja.com.mx\/index.php?rest_route=\/wp\/v2\/posts\/62273\/revisions\/62277"}],"wp:featuredmedia":[{"embeddable":true,"href":"https:\/\/zonaroja.com.mx\/index.php?rest_route=\/wp\/v2\/media\/62270"}],"wp:attachment":[{"href":"https:\/\/zonaroja.com.mx\/index.php?rest_route=%2Fwp%2Fv2%2Fmedia&parent=62273"}],"wp:term":[{"taxonomy":"category","embeddable":true,"href":"https:\/\/zonaroja.com.mx\/index.php?rest_route=%2Fwp%2Fv2%2Fcategories&post=62273"},{"taxonomy":"post_tag","embeddable":true,"href":"https:\/\/zonaroja.com.mx\/index.php?rest_route=%2Fwp%2Fv2%2Ftags&post=62273"}],"curies":[{"name":"wp","href":"https:\/\/api.w.org\/{rel}","templated":true}]}}