{"id":62278,"date":"2023-11-20T17:57:05","date_gmt":"2023-11-20T23:57:05","guid":{"rendered":"http:\/\/www.zonaroja.com.mx\/?p=62278"},"modified":"2023-11-20T17:57:07","modified_gmt":"2023-11-20T23:57:07","slug":"cuatro-anos-de-impunidad-por-violento-desalojo-y-muerte-en-parajes-de-xoxocotlan","status":"publish","type":"post","link":"https:\/\/zonaroja.com.mx\/?p=62278","title":{"rendered":"Cuatro a\u00f1os de impunidad por violento desalojo y muerte en parajes de Xoxocotl\u00e1n \u00a0"},"content":{"rendered":"\n<p>Yuridiana Sosa\/Zona Roja.&nbsp;<\/p>\n\n\n\n<p>Oaxaca de Ju\u00e1rez, Oax., a 20 de noviembre de 2023.- La injusticia contin\u00faa para decenas de familias desalojadas de forma violenta de sus viviendas en los parajes \u201cEl Coquito\u201d, \u201cLos M\u00e1ngales\u201d y \u201cLomas de Qu\u00edo\u201d, de Santa Cruz Xoxocotl\u00e1n, a cuatro a\u00f1os de los hechos que dej\u00f3 a una persona sin vida. &nbsp;<\/p>\n\n\n\n<p>La ma\u00f1ana del 19 de noviembre de 2019 fue de pesadilla para m\u00e1s de un centenar de vecinos, incluyendo ni\u00f1os y ancianos, que corrieron entre las balas y el incendio de sus casas, para salvar sus vidas. &nbsp;<\/p>\n\n\n\n<p>El lugar fue un caos; gritos de terror, llanto y desesperaci\u00f3n de las familias que habitaban al menos unas 100 casas en la zona conocida como \u201cLomas de Qu\u00edo\u201d, hasta donde llegaron cerca de las 08:00 horas un grupo de \u201ccholos\u201d armados, presuntamente enviados por el representante del Comisariado de Bienes Comunales de la zona, Silvano Reyes Medina, para apoderarse de terrenos y venderlos, con el aval de funcionarios del gobierno de Alejandro Murat.&nbsp;<\/p>\n\n\n\n<p>Hoy, las familias siguen esperando justicia por los actos que dejaron 100 viviendas quemadas, 14 mototaxis, 10 motocicletas y una camioneta destruidas e incendiadas; adem\u00e1s de animales muertos y robo de pertenencias.&nbsp; &nbsp;<\/p>\n\n\n\n<p>Los afectados han pasado mil 460 d\u00edas fuera de sus casas, de las que aseguran cuentan con documentaci\u00f3n, como es acta de posesi\u00f3n; permanecen hacinados en predios en los que carecen de los servicios b\u00e1sicos. &nbsp;<\/p>\n\n\n\n<p>EXIGENCIAS E INJUSTICIAS&nbsp;<\/p>\n\n\n\n<p>La injusticia por este hecho comenz\u00f3 el mismo d\u00eda de los hechos violentos; Elementos de seguridad, de la Agencia Estatal de Investigaci\u00f3n, ni la Polic\u00eda del Estado acudieron a la zona de desastre y las diligencias comenzaron horas despu\u00e9s del suceso.&nbsp;<\/p>\n\n\n\n<p>Mientras que la Fiscal\u00eda de Oaxaca, a cargo de Rub\u00e9n Vasconcelos, calific\u00f3 el suceso como enfrentamiento en vez de ataque e inici\u00f3 la carpeta de investigaci\u00f3n 40135\/FDAI\/UEIH\/2019 contra quien o quienes resulten responsables por el delito de homicidio calificado en agravio de una persona del sexo masculino identificada como J. R. C. (Juanito Carrillo).&nbsp;<\/p>\n\n\n\n<p>Tras el hecho, los vecinos colocaron por varios meses un plant\u00f3n afuera de Palacio de Gobierno para exigir justicia al gobierno de Murat, pero fueron ignorados. &nbsp;<\/p>\n\n\n\n<p>Los vecinos reclamaron que no son \u201cparacaidistas\u201d, pues compraron sus predios, por lo que tienen derechos a exigir el regreso a sus viviendas y que les sean pagados los da\u00f1os.&nbsp;<\/p>\n\n\n\n<p>En julio, ocho meses despu\u00e9s,&nbsp;los desplazados, ahora respaldados por la Asamblea de los Pueblos Ind\u00edgenas (API) instalaron&nbsp;un \u201cplant\u00f3n\u201d indefinido frente a Casa Oficial.&nbsp;<\/p>\n\n\n\n<p>Y en agosto, por \u00f3rdenes de la Secretar\u00eda General de Gobierno (Segego) llegaron a un espacio destinado a la preservaci\u00f3n ecol\u00f3gica en Etla, lo que caus\u00f3 el enojo de vecinos de Poblado de Morelos, ejido de San Pablo, Etla, quienes advirtieron de un posible desalojo a los reubicados de Xoxocotl\u00e1n.&nbsp;<\/p>\n\n\n\n<p>Un a\u00f1o despu\u00e9s de los hechos, las v\u00edctimas de Xoxocotl\u00e1n regresaron a las calles a pedir justicia y la renuncia de Rub\u00e9n Vasconcelos por la desatenci\u00f3n y lo que ellos consideraron falta de investigaciones. &nbsp;<\/p>\n\n\n\n<p>Esa desatenci\u00f3n de justicia origin\u00f3 que en mayo de 2021 la disputa de predios continuara en Xoxocotl\u00e1n. &nbsp;<\/p>\n\n\n\n<p>As\u00ed lo dieron a conocer en aquella ocasi\u00f3n mujeres del predio \u201cLos Coquitos\u201d, denunciaron el registro de hechos violentos que derivaron en el intento de despojo de sus viviendas presuntamente por parte de Silvano Reyes, ex Comisariado de Bienes Comunales de Xoxocotl\u00e1n, relacionados con los actos de noviembre de 2019.<\/p>\n\n\n\n<p>Ante la nula justicia y reinstalaci\u00f3n en los predios donde fueron desalojados, esta semana los afectados prev\u00e9n movilizarse de nuevo en la capital del estado.<\/p>\n","protected":false},"excerpt":{"rendered":"<p>Yuridiana Sosa\/Zona Roja.&nbsp; Oaxaca de Ju\u00e1rez, Oax., a 20 de noviembre de 2023.- La injusticia&hellip;<\/p>\n","protected":false},"author":2,"featured_media":62279,"comment_status":"closed","ping_status":"open","sticky":false,"template":"","format":"standard","meta":{"_lmt_disableupdate":"","_lmt_disable":"","_jetpack_memberships_contains_paid_content":false,"footnotes":""},"categories":[109,47],"tags":[133],"class_list":["post-62278","post","type-post","status-publish","format-standard","has-post-thumbnail","hentry","category-minuto-a-minuto","category-zona-gris","tag-santa-cruz-xoxocotlan"],"jetpack_featured_media_url":"https:\/\/zonaroja.com.mx\/wp-content\/uploads\/2023\/11\/Pobladores-Lomas-del-Quio-Xoxocotlan.jpg","jetpack_sharing_enabled":true,"_links":{"self":[{"href":"https:\/\/zonaroja.com.mx\/index.php?rest_route=\/wp\/v2\/posts\/62278","targetHints":{"allow":["GET"]}}],"collection":[{"href":"https:\/\/zonaroja.com.mx\/index.php?rest_route=\/wp\/v2\/posts"}],"about":[{"href":"https:\/\/zonaroja.com.mx\/index.php?rest_route=\/wp\/v2\/types\/post"}],"author":[{"embeddable":true,"href":"https:\/\/zonaroja.com.mx\/index.php?rest_route=\/wp\/v2\/users\/2"}],"replies":[{"embeddable":true,"href":"https:\/\/zonaroja.com.mx\/index.php?rest_route=%2Fwp%2Fv2%2Fcomments&post=62278"}],"version-history":[{"count":1,"href":"https:\/\/zonaroja.com.mx\/index.php?rest_route=\/wp\/v2\/posts\/62278\/revisions"}],"predecessor-version":[{"id":62280,"href":"https:\/\/zonaroja.com.mx\/index.php?rest_route=\/wp\/v2\/posts\/62278\/revisions\/62280"}],"wp:featuredmedia":[{"embeddable":true,"href":"https:\/\/zonaroja.com.mx\/index.php?rest_route=\/wp\/v2\/media\/62279"}],"wp:attachment":[{"href":"https:\/\/zonaroja.com.mx\/index.php?rest_route=%2Fwp%2Fv2%2Fmedia&parent=62278"}],"wp:term":[{"taxonomy":"category","embeddable":true,"href":"https:\/\/zonaroja.com.mx\/index.php?rest_route=%2Fwp%2Fv2%2Fcategories&post=62278"},{"taxonomy":"post_tag","embeddable":true,"href":"https:\/\/zonaroja.com.mx\/index.php?rest_route=%2Fwp%2Fv2%2Ftags&post=62278"}],"curies":[{"name":"wp","href":"https:\/\/api.w.org\/{rel}","templated":true}]}}