{"id":62281,"date":"2023-11-20T19:20:22","date_gmt":"2023-11-21T01:20:22","guid":{"rendered":"http:\/\/www.zonaroja.com.mx\/?p=62281"},"modified":"2023-11-20T19:20:23","modified_gmt":"2023-11-21T01:20:23","slug":"desdena-la-seccion-22-desfile-revolucionario-y-titular-del-ieepo-sigue-con-proselitismo","status":"publish","type":"post","link":"https:\/\/zonaroja.com.mx\/?p=62281","title":{"rendered":"Desde\u00f1a la Secci\u00f3n 22 desfile revolucionario\u2026 y titular del IEEPO sigue con proselitismo"},"content":{"rendered":"\n<p>Yuridiana Sosa\/Zona Roja.&nbsp;<\/p>\n\n\n\n<p>Oaxaca de Ju\u00e1rez, Oax., a 20 de noviembre de 2023.- Los problemas pol\u00edticos entre la Secci\u00f3n 22 del Sindicato Nacional de Trabajadores de la Educaci\u00f3n (SNTE) y el titular del IEEPO, Emilio Montero P\u00e9rez, estuvieron por encima del inter\u00e9s c\u00edvico para que las escuelas p\u00fablicas participaran en el desfile conmemorativo al aniversario a la Revoluci\u00f3n Mexicana. &nbsp;<\/p>\n\n\n\n<p>En la parada de este a\u00f1o, el gobierno de Oaxaca no cont\u00f3 con la participaci\u00f3n de escuelas donde labora personal de la Secci\u00f3n 22 del SNTE, quien desde el inicio de la actual administraci\u00f3n declar\u00f3 su rechazo al director del Instituto Estatal de Educaci\u00f3n P\u00fablica de Oaxaca, de quien exigen su renuncia. &nbsp;<\/p>\n\n\n\n<p>Recientemente, la relaci\u00f3n se agudiz\u00f3 por lo que la gremial se\u00f1al\u00f3 las actividades proselitistas de Montero P\u00e9rez en las escuelas p\u00fablicas, quien utiliza la entrega de materiales de aseo para \u201ctomarse la foto\u201d en los planteles, con miras en sus aspiraciones p\u00fablicas.&nbsp;<\/p>\n\n\n\n<p>Sin embargo, antes de armonizar la relaci\u00f3n institucional y ocuparse de la integraci\u00f3n de las escuelas a las actividades de gobierno, el funcionario originario de Juchit\u00e1n de Zaragoza enfoca sus esfuerzos en actos proselitistas.&nbsp;<\/p>\n\n\n\n<p>Como ocurri\u00f3 el fin de semana en Juchit\u00e1n, donde moviliz\u00f3 a un numeroso grupo de seguidores para un acto a favor de Morena, rumbo a las elecciones de 2024, y del gobernador Salom\u00f3n Jara, por su primer a\u00f1o de gobierno.&nbsp;<\/p>\n\n\n\n<p>\u201c\u00a1En Oaxaca, tenemos y vamos a seguir teniendo un gobierno del pueblo y para el pueblo!, se\u00f1al\u00f3 Emilio Montero P\u00e9rez\u201d, manifest\u00f3 el funcionario.&nbsp;<\/p>\n\n\n\n<p>En el acto estuvo presente el edil de Juchit\u00e1n, Miguel S\u00e1nchez Altamirano, a quien Montero P\u00e9rez le pas\u00f3 la estafeta para incorporarse al gobierno del estado y hered\u00f3 un municipio con altos \u00edndices de violencia e inseguridad.<\/p>\n","protected":false},"excerpt":{"rendered":"<p>Yuridiana Sosa\/Zona Roja.&nbsp; Oaxaca de Ju\u00e1rez, Oax., a 20 de noviembre de 2023.- Los problemas&hellip;<\/p>\n","protected":false},"author":2,"featured_media":62283,"comment_status":"closed","ping_status":"open","sticky":false,"template":"","format":"standard","meta":{"_lmt_disableupdate":"","_lmt_disable":"","_jetpack_memberships_contains_paid_content":false,"footnotes":""},"categories":[109,47],"tags":[2837],"class_list":["post-62281","post","type-post","status-publish","format-standard","has-post-thumbnail","hentry","category-minuto-a-minuto","category-zona-gris","tag-instituto-estatal-de-educacion-publica-de-oaxaca-ieepo"],"jetpack_featured_media_url":"https:\/\/zonaroja.com.mx\/wp-content\/uploads\/2023\/11\/Desfile-y-proselitismo-Emilio-Montero-IEEPO.jpg","jetpack_sharing_enabled":true,"_links":{"self":[{"href":"https:\/\/zonaroja.com.mx\/index.php?rest_route=\/wp\/v2\/posts\/62281","targetHints":{"allow":["GET"]}}],"collection":[{"href":"https:\/\/zonaroja.com.mx\/index.php?rest_route=\/wp\/v2\/posts"}],"about":[{"href":"https:\/\/zonaroja.com.mx\/index.php?rest_route=\/wp\/v2\/types\/post"}],"author":[{"embeddable":true,"href":"https:\/\/zonaroja.com.mx\/index.php?rest_route=\/wp\/v2\/users\/2"}],"replies":[{"embeddable":true,"href":"https:\/\/zonaroja.com.mx\/index.php?rest_route=%2Fwp%2Fv2%2Fcomments&post=62281"}],"version-history":[{"count":1,"href":"https:\/\/zonaroja.com.mx\/index.php?rest_route=\/wp\/v2\/posts\/62281\/revisions"}],"predecessor-version":[{"id":62284,"href":"https:\/\/zonaroja.com.mx\/index.php?rest_route=\/wp\/v2\/posts\/62281\/revisions\/62284"}],"wp:featuredmedia":[{"embeddable":true,"href":"https:\/\/zonaroja.com.mx\/index.php?rest_route=\/wp\/v2\/media\/62283"}],"wp:attachment":[{"href":"https:\/\/zonaroja.com.mx\/index.php?rest_route=%2Fwp%2Fv2%2Fmedia&parent=62281"}],"wp:term":[{"taxonomy":"category","embeddable":true,"href":"https:\/\/zonaroja.com.mx\/index.php?rest_route=%2Fwp%2Fv2%2Fcategories&post=62281"},{"taxonomy":"post_tag","embeddable":true,"href":"https:\/\/zonaroja.com.mx\/index.php?rest_route=%2Fwp%2Fv2%2Ftags&post=62281"}],"curies":[{"name":"wp","href":"https:\/\/api.w.org\/{rel}","templated":true}]}}