{"id":6230,"date":"2019-11-30T15:56:23","date_gmt":"2019-11-30T21:56:23","guid":{"rendered":"https:\/\/www.zonaroja.com.mx\/?p=6230"},"modified":"2019-11-30T16:05:58","modified_gmt":"2019-11-30T22:05:58","slug":"condena-presidente-del-congreso-horacio-sosa-violencia-en-juquila","status":"publish","type":"post","link":"https:\/\/zonaroja.com.mx\/?p=6230","title":{"rendered":"Condena presidente del Congreso, Horacio Sosa, violencia en Juquila"},"content":{"rendered":"\n<p>Redacci\u00f3n\/Zona Roja. <\/p>\n\n\n\n<p>Oaxaca de Ju\u00e1rez, Oax., 30 de noviembre de 2019.- El presidente de la Junta de Coordinaci\u00f3n Pol\u00edtica del Congreso del Estado de Oaxaca, Horacio Sosa Villavicencio, conden\u00f3 el desalojo ordenado por el Gobierno del Estado al bloqueo en el santuario \u201cEl Pedimento\u201d, en Juquila, que de acuerdo con versiones period\u00edsticas habr\u00eda costado la vida de una persona.<\/p>\n\n\n\n<p>\u201cEl conflicto entre esos municipios tiene d\u00e9cadas, y su simple existencia muestra la incapacidad gubernamental, cuando no la complicidad y los intereses perversos por mantener viva esa a\u00f1eja disputa\u201d, se\u00f1al\u00f3 mediante un comunicado el legislador, coordinador del Grupo Parlamentario del Movimiento Regeneraci\u00f3n Nacional (Morena) en la Legislatura local.<\/p>\n\n\n\n<p>El mi\u00e9rcoles pasado, el Congreso del Estado de Oaxaca exhort\u00f3 en pleno al gobernador Alejandro Murat a que en lo inmediato interviniera para garantizar definitivamente la seguridad y la paz social entre los municipios de Santiago Yaitepec y Santa Catarina Juquila.<\/p>\n\n\n\n<p>Al respecto, Horacio Sosa consider\u00f3 inaceptable que el gobernador  \u201cconsidere que la paz social entre dos municipios por la posesi\u00f3n de un predio pueda y deba ser alcanzada con violencia policiaca y gases lacrim\u00f3genos\u201d.<\/p>\n\n\n\n<p>El diputado exigi\u00f3 al mandatario \u201cdestinar la atenci\u00f3n necesaria a este conflicto, y actuar de inmediato por la v\u00eda pol\u00edtica para garantizar la vida y la seguridad tanto de las y los habitantes de ambos municipios, como de las personas que visitan el lugar\u201d, dada la presencia cada vez mayor de peregrinajes al santuario en disputa.<\/p>\n\n\n\n<p>\u201cEs inaceptable la falta de oficio en los operadores de la pol\u00edtica interna del gobierno del estado, y que su aprendizaje siga costando la sangre y la vida de oaxaque\u00f1as y oaxaque\u00f1os\u201d, se\u00f1al\u00f3.<\/p>\n\n\n\n<p>Cuestion\u00f3 igualmente que la Defensor\u00eda de los Derechos Humanos del Pueblo de Oaxaca reduzca la complejidad del conflicto al di\u00e1logo entre las y los habitantes ambos municipios, \u201chaciendo de lado su obligaci\u00f3n constitucional de vigilar las acciones y omisiones de las autoridades\u201d.<\/p>\n\n\n\n<p>Consider\u00f3 necesario que se aclaren p\u00fablicamente los hechos sucedidos hoy en El Pedimento y se castigue a quienes resulten responsables, incluyendo a quienes hubiesen dado la orden del desalojo violento.<\/p>\n\n\n\n<p>\u201cPor mandato de la Constituci\u00f3n, el Poder Ejecutivo recae en una sola persona. As\u00ed, la responsabilidad por las acciones u omisiones de quienes act\u00faan en nombre de ese poder recaen finalmente en el gobernador del estado\u201d, concluy\u00f3.<\/p>\n","protected":false},"excerpt":{"rendered":"<p>Redacci\u00f3n\/Zona Roja. Oaxaca de Ju\u00e1rez, Oax., 30 de noviembre de 2019.- El presidente de la&hellip;<\/p>\n","protected":false},"author":2,"featured_media":6233,"comment_status":"closed","ping_status":"open","sticky":false,"template":"","format":"standard","meta":{"_lmt_disableupdate":"","_lmt_disable":"","_jetpack_memberships_contains_paid_content":false,"footnotes":""},"categories":[1],"tags":[],"class_list":["post-6230","post","type-post","status-publish","format-standard","has-post-thumbnail","hentry","category-sin-categoria"],"jetpack_featured_media_url":"https:\/\/zonaroja.com.mx\/wp-content\/uploads\/2019\/11\/c48df6be-69c2-4014-bef7-11afede236e6.jpg","jetpack_sharing_enabled":true,"_links":{"self":[{"href":"https:\/\/zonaroja.com.mx\/index.php?rest_route=\/wp\/v2\/posts\/6230","targetHints":{"allow":["GET"]}}],"collection":[{"href":"https:\/\/zonaroja.com.mx\/index.php?rest_route=\/wp\/v2\/posts"}],"about":[{"href":"https:\/\/zonaroja.com.mx\/index.php?rest_route=\/wp\/v2\/types\/post"}],"author":[{"embeddable":true,"href":"https:\/\/zonaroja.com.mx\/index.php?rest_route=\/wp\/v2\/users\/2"}],"replies":[{"embeddable":true,"href":"https:\/\/zonaroja.com.mx\/index.php?rest_route=%2Fwp%2Fv2%2Fcomments&post=6230"}],"version-history":[{"count":1,"href":"https:\/\/zonaroja.com.mx\/index.php?rest_route=\/wp\/v2\/posts\/6230\/revisions"}],"predecessor-version":[{"id":6231,"href":"https:\/\/zonaroja.com.mx\/index.php?rest_route=\/wp\/v2\/posts\/6230\/revisions\/6231"}],"wp:featuredmedia":[{"embeddable":true,"href":"https:\/\/zonaroja.com.mx\/index.php?rest_route=\/wp\/v2\/media\/6233"}],"wp:attachment":[{"href":"https:\/\/zonaroja.com.mx\/index.php?rest_route=%2Fwp%2Fv2%2Fmedia&parent=6230"}],"wp:term":[{"taxonomy":"category","embeddable":true,"href":"https:\/\/zonaroja.com.mx\/index.php?rest_route=%2Fwp%2Fv2%2Fcategories&post=6230"},{"taxonomy":"post_tag","embeddable":true,"href":"https:\/\/zonaroja.com.mx\/index.php?rest_route=%2Fwp%2Fv2%2Ftags&post=6230"}],"curies":[{"name":"wp","href":"https:\/\/api.w.org\/{rel}","templated":true}]}}