{"id":62321,"date":"2023-11-21T08:30:00","date_gmt":"2023-11-21T14:30:00","guid":{"rendered":"http:\/\/www.zonaroja.com.mx\/?p=62321"},"modified":"2023-11-21T07:10:28","modified_gmt":"2023-11-21T13:10:28","slug":"otra-vez-juchitan-ataque-armado-deja-una-persona-lesionada","status":"publish","type":"post","link":"https:\/\/zonaroja.com.mx\/?p=62321","title":{"rendered":"Otra vez Juchit\u00e1n: ataque armado deja una persona lesionada"},"content":{"rendered":"\n<p>Redacci\u00f3n\/Zona Roja.<\/p>\n\n\n\n<p>Oaxaca de Ju\u00e1rez, Oax., a 21 de noviembre de 2023.- Un ataque armado ocurri\u00f3 ayer por la tarde en Juchit\u00e1n de Zaragoza, tras el desfile de la Revoluci\u00f3n Mexicana, con saldo de una persona del sexo masculino lesionada.<\/p>\n\n\n\n<p>Ello ocurri\u00f3 24 horas despu\u00e9s que el ex presidente municipal y actual director del IEEPO, Emilio Montero P\u00e9rez, y el edil actual, Miguel S\u00e1nchez Altamirano, organizaron una marcha-mitin proselitista en calles de esa ciudad istme\u00f1a.<\/p>\n\n\n\n<p>De acuerdo con reportes policiacos municipales, la agresi\u00f3n a balazos ocurri\u00f3 sobre el Perif\u00e9rico, entre las colonias 25 de Mayo y Tierra y Libertada; a falta de polic\u00edas, no hubo detenidos.<\/p>\n\n\n\n<p>La v\u00edctima, de quien hasta anoche se desconoc\u00eda sus datos generales, indic\u00f3 que no pudo identificar a sus agresores, que tras dispararle huyeron de la zona.<\/p>\n\n\n\n<p>Fueron param\u00e9dicos del Heroico Cuerpo de Bomberos quienes acudieron al sitio y tras brindarle los primeros auxilios, lo trasladaron a un hospital, donde a\u00fan convalece.<\/p>\n\n\n\n<p>Apenas el mi\u00e9rcoles 15 y el viernes 17 de noviembre se registraron sendas ejecuciones en Juchit\u00e1n, sin que hasta el momento haya personas detenidas.<\/p>\n","protected":false},"excerpt":{"rendered":"<p>Redacci\u00f3n\/Zona Roja. Oaxaca de Ju\u00e1rez, Oax., a 21 de noviembre de 2023.- Un ataque armado&hellip;<\/p>\n","protected":false},"author":2,"featured_media":62322,"comment_status":"closed","ping_status":"open","sticky":false,"template":"","format":"standard","meta":{"_lmt_disableupdate":"","_lmt_disable":"","_jetpack_memberships_contains_paid_content":false,"footnotes":""},"categories":[109,47],"tags":[123],"class_list":["post-62321","post","type-post","status-publish","format-standard","has-post-thumbnail","hentry","category-minuto-a-minuto","category-zona-gris","tag-juchitan-de-zaragoza"],"jetpack_featured_media_url":"https:\/\/zonaroja.com.mx\/wp-content\/uploads\/2023\/11\/Lesionado-de-bala-Juchitan-lunes-20-nov.jpg","jetpack_sharing_enabled":true,"_links":{"self":[{"href":"https:\/\/zonaroja.com.mx\/index.php?rest_route=\/wp\/v2\/posts\/62321","targetHints":{"allow":["GET"]}}],"collection":[{"href":"https:\/\/zonaroja.com.mx\/index.php?rest_route=\/wp\/v2\/posts"}],"about":[{"href":"https:\/\/zonaroja.com.mx\/index.php?rest_route=\/wp\/v2\/types\/post"}],"author":[{"embeddable":true,"href":"https:\/\/zonaroja.com.mx\/index.php?rest_route=\/wp\/v2\/users\/2"}],"replies":[{"embeddable":true,"href":"https:\/\/zonaroja.com.mx\/index.php?rest_route=%2Fwp%2Fv2%2Fcomments&post=62321"}],"version-history":[{"count":1,"href":"https:\/\/zonaroja.com.mx\/index.php?rest_route=\/wp\/v2\/posts\/62321\/revisions"}],"predecessor-version":[{"id":62323,"href":"https:\/\/zonaroja.com.mx\/index.php?rest_route=\/wp\/v2\/posts\/62321\/revisions\/62323"}],"wp:featuredmedia":[{"embeddable":true,"href":"https:\/\/zonaroja.com.mx\/index.php?rest_route=\/wp\/v2\/media\/62322"}],"wp:attachment":[{"href":"https:\/\/zonaroja.com.mx\/index.php?rest_route=%2Fwp%2Fv2%2Fmedia&parent=62321"}],"wp:term":[{"taxonomy":"category","embeddable":true,"href":"https:\/\/zonaroja.com.mx\/index.php?rest_route=%2Fwp%2Fv2%2Fcategories&post=62321"},{"taxonomy":"post_tag","embeddable":true,"href":"https:\/\/zonaroja.com.mx\/index.php?rest_route=%2Fwp%2Fv2%2Ftags&post=62321"}],"curies":[{"name":"wp","href":"https:\/\/api.w.org\/{rel}","templated":true}]}}