{"id":62324,"date":"2023-11-21T09:30:00","date_gmt":"2023-11-21T15:30:00","guid":{"rendered":"http:\/\/www.zonaroja.com.mx\/?p=62324"},"modified":"2023-11-21T07:13:20","modified_gmt":"2023-11-21T13:13:20","slug":"frente-por-mexico-inicia-precampanas-con-inconformidades-del-prd","status":"publish","type":"post","link":"https:\/\/zonaroja.com.mx\/?p=62324","title":{"rendered":"Frente por M\u00e9xico inicia precampa\u00f1as con inconformidades del PRD"},"content":{"rendered":"\n<p>Redacci\u00f3n\/Zona Roja Cdmx.<\/p>\n\n\n\n<p>Ciudad de M\u00e9xico, a 21 de noviembre de 2023.- Organizaciones civiles adheridas al Frente Amplio por M\u00e9xico (FAM) expresaron su preocupaci\u00f3n por la posibilidad de que este se fracture y los instaron a llegar a acuerdos para competir juntos por diputados y senadores.<\/p>\n\n\n\n<p>En una carta p\u00fablica, pidieron a las dirigencias de los partidos Acci\u00f3n Nacional (PAN), Revolucionario Institucional (PRI) y de la Revoluci\u00f3n Democr\u00e1tica (PRD) reconsiderar ir juntos y hacer contrapeso en el Poder Legislativo.<\/p>\n\n\n\n<p>Entre los firmantes est\u00e1n los activistas Adri\u00e1n Lebaron, el m\u00e9dico Giorgio Alberto Franyutti, Andrea Rocha, abogada en contra del desabasto de medicinas, Chalecos M\u00e9xico, Ola Blanca MX y Marcha #QuimiosSi.<\/p>\n\n\n\n<p>\u201cCon preocupaci\u00f3n recibimos la noticia de la posible fractura de la coalici\u00f3n, que tendr\u00e1 como consecuencia que los partidos compitan de manera separada en las candidaturas federales a diputaciones y senadur\u00edas\u201d, expusieron.<br>Adem\u00e1s hicieron un recuento de las decisiones del gobierno del presidente Andr\u00e9s Manuel L\u00f3pez Obrador por las cuales \u201cindiscutiblemente la democracia mexicana se encuentra amenazada\u201d.<\/p>\n\n\n\n<p>El actual es un \u201cr\u00e9gimen antidemocr\u00e1tico que a toda costa busca eliminar contrapesos para as\u00ed imponer una visi\u00f3n unipersonal en la vida p\u00fablica de esta nuestra naci\u00f3n\u201d y por tanto insistieron en la necesidad de que haya un frente opositor que gane espacios en el Congreso.<\/p>\n\n\n\n<p>\u201cDesde la sociedad civil exhortamos a las dirigencias de los tres partidos pol\u00edticos que conforman el frente, para que reconsideren la posibilidad de la construcci\u00f3n de un frente en la postulaci\u00f3n de las candidaturas federales, pues resulta de suma importancia el establecer contrapesos en el Poder Legislativo\u201d, pidieron.<\/p>\n\n\n\n<p>LA QUEJA<\/p>\n\n\n\n<p>Este fin de semana, el Partido de la Revoluci\u00f3n Democr\u00e1tica (PRD) amag\u00f3 con contender en solitario para las elecciones al Congreso.<\/p>\n\n\n\n<p>Desde que los partidos Acci\u00f3n Nacional (PAN), Revolucionario Institucional (PRI) y PRD pactaron el Frente Amplio por M\u00e9xico acordaron contender juntos en todo, las presidenciales y al Congreso, pero el dirigente perredista Jes\u00fas Zambrano acus\u00f3 exclusi\u00f3n, por lo que su partido podr\u00eda contender solo.<\/p>\n\n\n\n<p>\u201cAnte la actitud de las dirigencias nacionales del PAN y del PRI de no valorar el elemento cualitativo que representa el PRD en la coalici\u00f3n y pretender excluir a la sociedad civil y al propio PRD de los acuerdos para caminar juntos. Se ha determinado considerar el competir con nuestras propias candidaturas federales para de esta manera contribuir al cambio que hoy se necesita en M\u00e9xico\u201d, expuso en un comunicado, la noche del domingo.<\/p>\n\n\n\n<p>Seg\u00fan el dirigente, la decisi\u00f3n fue tomada tras una consulta con las Direcciones Estatales del PRD en el que record\u00f3 que para tener el mayor \u00e9xito electoral el Frente Amplio por M\u00e9xico debe de ser incluyente y cumplir el objetivo principal que es ganar la Presidencia y la mayor\u00eda en el Congreso de la Uni\u00f3n e impulsar un Gobierno de Coalici\u00f3n en todos los niveles.<\/p>\n\n\n\n<p>Aunque hay desacuerdos en la forma de contender al Congreso, el PRD refrend\u00f3 su apoyo absoluto a su precandidata a la Presidencia, X\u00f3chitl G\u00e1lvez Ruiz, aunque est\u00e1 en duda sobre su coalici\u00f3n en el Congreso.<\/p>\n\n\n\n<p>El objetivo del FAM seg\u00fan los partidos era extender la coalici\u00f3n legislativa que mantienen a una coalici\u00f3n de gobierno, con una misma plataforma electoral para superar las diferencias ideol\u00f3gicas y program\u00e1ticas que tienen.<\/p>\n\n\n\n<p>(Informaci\u00f3n de \u201cExpansi\u00f3n Pol\u00edtica)<\/p>\n","protected":false},"excerpt":{"rendered":"<p>Redacci\u00f3n\/Zona Roja Cdmx. Ciudad de M\u00e9xico, a 21 de noviembre de 2023.- Organizaciones civiles adheridas&hellip;<\/p>\n","protected":false},"author":2,"featured_media":62326,"comment_status":"closed","ping_status":"open","sticky":false,"template":"","format":"standard","meta":{"_lmt_disableupdate":"","_lmt_disable":"","_jetpack_memberships_contains_paid_content":false,"footnotes":""},"categories":[109,47],"tags":[2277],"class_list":["post-62324","post","type-post","status-publish","format-standard","has-post-thumbnail","hentry","category-minuto-a-minuto","category-zona-gris","tag-coalicion-pan-pri-y-prd"],"jetpack_featured_media_url":"https:\/\/zonaroja.com.mx\/wp-content\/uploads\/2023\/11\/Carta-inconformidad-PRD-Mexico.png","jetpack_sharing_enabled":true,"_links":{"self":[{"href":"https:\/\/zonaroja.com.mx\/index.php?rest_route=\/wp\/v2\/posts\/62324","targetHints":{"allow":["GET"]}}],"collection":[{"href":"https:\/\/zonaroja.com.mx\/index.php?rest_route=\/wp\/v2\/posts"}],"about":[{"href":"https:\/\/zonaroja.com.mx\/index.php?rest_route=\/wp\/v2\/types\/post"}],"author":[{"embeddable":true,"href":"https:\/\/zonaroja.com.mx\/index.php?rest_route=\/wp\/v2\/users\/2"}],"replies":[{"embeddable":true,"href":"https:\/\/zonaroja.com.mx\/index.php?rest_route=%2Fwp%2Fv2%2Fcomments&post=62324"}],"version-history":[{"count":1,"href":"https:\/\/zonaroja.com.mx\/index.php?rest_route=\/wp\/v2\/posts\/62324\/revisions"}],"predecessor-version":[{"id":62327,"href":"https:\/\/zonaroja.com.mx\/index.php?rest_route=\/wp\/v2\/posts\/62324\/revisions\/62327"}],"wp:featuredmedia":[{"embeddable":true,"href":"https:\/\/zonaroja.com.mx\/index.php?rest_route=\/wp\/v2\/media\/62326"}],"wp:attachment":[{"href":"https:\/\/zonaroja.com.mx\/index.php?rest_route=%2Fwp%2Fv2%2Fmedia&parent=62324"}],"wp:term":[{"taxonomy":"category","embeddable":true,"href":"https:\/\/zonaroja.com.mx\/index.php?rest_route=%2Fwp%2Fv2%2Fcategories&post=62324"},{"taxonomy":"post_tag","embeddable":true,"href":"https:\/\/zonaroja.com.mx\/index.php?rest_route=%2Fwp%2Fv2%2Ftags&post=62324"}],"curies":[{"name":"wp","href":"https:\/\/api.w.org\/{rel}","templated":true}]}}