{"id":62332,"date":"2023-11-21T12:30:00","date_gmt":"2023-11-21T18:30:00","guid":{"rendered":"http:\/\/www.zonaroja.com.mx\/?p=62332"},"modified":"2023-11-21T07:23:05","modified_gmt":"2023-11-21T13:23:05","slug":"mas-de-16-mil-palestinos-han-muerto-en-bombardeos-israelies-en-gaza","status":"publish","type":"post","link":"https:\/\/zonaroja.com.mx\/?p=62332","title":{"rendered":"M\u00e1s de 16 mil palestinos han muerto en bombardeos israel\u00edes en Gaza"},"content":{"rendered":"\n<p>Redacci\u00f3n\/Zona Roja Cdmx.<\/p>\n\n\n\n<p>Ciudad de M\u00e9xico, a 21 de noviembre de 2023.- M\u00e1s de 16 mil personas han sido asesinadas en la Franja de Gaza en los 43 d\u00edas de guerra de Israel contra el grupo miliciano Ham\u00e1s, seg\u00fan el Ministerio de Sanidad de Gaza que llevaba varios d\u00edas sin actualizar las cifras debido a los incesantes ataques israel\u00edes y al colapso de los principales hospitales.<\/p>\n\n\n\n<p>La cifra anterior de v\u00edctimas fue ofrecida el pasado jueves por el Ministerio, que entonces inform\u00f3 de la muerte de m\u00e1s de 11 mil 500 personas en la Franja, donde m\u00e1s de 29 mil 800 personas han resultado heridas, el 70 por ciento de ellas mujeres, ni\u00f1os y ancianos, seg\u00fan la misma fuente.<\/p>\n\n\n\n<p>Un portavoz del Ministerio de Sanidad en Gaza asegur\u00f3 a EFE que \u201cel n\u00famero real es mucho mayor\u201d y subray\u00f3 que estas cifras son \u201cestimaciones\u201d.<\/p>\n\n\n\n<p>En este sentido, insisti\u00f3 en que al menos 3 mil 500 personas permanecen todav\u00eda bajo los escombros de los edificios y que los ataques israel\u00edes no se detienen.<\/p>\n\n\n\n<p>De los 24 hospitales con capacidad para pacientes hospitalizados en el norte de la Franja, s\u00f3lo uno, Al Ahli en la ciudad de Gaza, est\u00e1 actualmente operando bajo m\u00ednimos y admite pacientes.<\/p>\n\n\n\n<p>El resto, han ido colapsando uno a uno, tras quedarse sin electricidad, combustible, internet, agua potable, alimentos y medicinas.<\/p>\n\n\n\n<p>Estas cifras se conocen poco despu\u00e9s de que el Ministerio denunciara que el Ej\u00e9rcito israel\u00ed diera una hora a los m\u00e9dicos, pacientes y desplazados que permanecen en el hospital palestino de Al Shifa, situado en el norte de Gaza, para que lo abandonen. Un tiempo que ya se ha cumplido.<\/p>\n\n\n\n<p>El jefe del Departamento de Ortopedia, Adnan al Bursh, citado por el Ministerio, asegur\u00f3 que la orden ha creado un \u201cgrave estado de p\u00e1nico y miedo\u201d en el interior del centro hospitalario y subray\u00f3 que los m\u00e9dicos no saldr\u00e1n del hospital sin los pacientes.<\/p>\n\n\n\n<p>Por otra parte, el director general de Sanidad de Gaza, Munir al Bursh, denunci\u00f3 que las tropas israel\u00edes se han llevado cuerpos de la morgue del hospital, as\u00ed como del cementerio excavado dentro del per\u00edmetro de las instalaciones m\u00e9dicas.<\/p>\n\n\n\n<p>El Ej\u00e9rcito israel\u00ed sostiene que Al Shifa esconde \u201cun centro de mando, armas y activos tecnol\u00f3gicos\u201d de Ham\u00e1s y que, por lo tanto, es un objetivo militar. Pero no ha mostrado pruebas al respecto.<\/p>\n\n\n\n<p>En los pasados d\u00edas, las fuerzas israel\u00edes han asediado y han realizado varias incursiones limitadas en sus instalaciones en las que asegura haber descubierto armamento y un t\u00fanel utilizado por el grupo Ham\u00e1s.<\/p>\n\n\n\n<p>Israel declar\u00f3 la guerra a Ham\u00e1s el 7 de octubre tras un ataque masivo de la milicia que incluy\u00f3 el lanzamiento de miles de cohetes y la infiltraci\u00f3n en territorio ocupado israel\u00ed de unos 3 mil milicianos que masacraron a unas mil 200 personas y secuestraron a otras 240.<\/p>\n\n\n\n<p>Desde entonces, las fuerzas a\u00e9reas, navales y terrestres de Israel atacan sin tregua la Franja de Gaza, que adem\u00e1s de los muertos y heridos ha provocado el desplazamiento de 1.7 millones de gazat\u00edes, m\u00e1s de dos tercios de la poblaci\u00f3n total.<\/p>\n\n\n\n<p>(Informaci\u00f3n de EFE en \u201cEL Financiero\u201d)<\/p>\n","protected":false},"excerpt":{"rendered":"<p>Redacci\u00f3n\/Zona Roja Cdmx. Ciudad de M\u00e9xico, a 21 de noviembre de 2023.- M\u00e1s de 16&hellip;<\/p>\n","protected":false},"author":2,"featured_media":60808,"comment_status":"closed","ping_status":"open","sticky":false,"template":"","format":"standard","meta":{"_lmt_disableupdate":"","_lmt_disable":"","_jetpack_memberships_contains_paid_content":false,"footnotes":""},"categories":[109,47],"tags":[2668],"class_list":["post-62332","post","type-post","status-publish","format-standard","has-post-thumbnail","hentry","category-minuto-a-minuto","category-zona-gris","tag-conflicto-gaza-israel"],"jetpack_featured_media_url":"https:\/\/zonaroja.com.mx\/wp-content\/uploads\/2023\/10\/Guerra-Israel-Hamas.jpeg","jetpack_sharing_enabled":true,"_links":{"self":[{"href":"https:\/\/zonaroja.com.mx\/index.php?rest_route=\/wp\/v2\/posts\/62332","targetHints":{"allow":["GET"]}}],"collection":[{"href":"https:\/\/zonaroja.com.mx\/index.php?rest_route=\/wp\/v2\/posts"}],"about":[{"href":"https:\/\/zonaroja.com.mx\/index.php?rest_route=\/wp\/v2\/types\/post"}],"author":[{"embeddable":true,"href":"https:\/\/zonaroja.com.mx\/index.php?rest_route=\/wp\/v2\/users\/2"}],"replies":[{"embeddable":true,"href":"https:\/\/zonaroja.com.mx\/index.php?rest_route=%2Fwp%2Fv2%2Fcomments&post=62332"}],"version-history":[{"count":1,"href":"https:\/\/zonaroja.com.mx\/index.php?rest_route=\/wp\/v2\/posts\/62332\/revisions"}],"predecessor-version":[{"id":62333,"href":"https:\/\/zonaroja.com.mx\/index.php?rest_route=\/wp\/v2\/posts\/62332\/revisions\/62333"}],"wp:featuredmedia":[{"embeddable":true,"href":"https:\/\/zonaroja.com.mx\/index.php?rest_route=\/wp\/v2\/media\/60808"}],"wp:attachment":[{"href":"https:\/\/zonaroja.com.mx\/index.php?rest_route=%2Fwp%2Fv2%2Fmedia&parent=62332"}],"wp:term":[{"taxonomy":"category","embeddable":true,"href":"https:\/\/zonaroja.com.mx\/index.php?rest_route=%2Fwp%2Fv2%2Fcategories&post=62332"},{"taxonomy":"post_tag","embeddable":true,"href":"https:\/\/zonaroja.com.mx\/index.php?rest_route=%2Fwp%2Fv2%2Ftags&post=62332"}],"curies":[{"name":"wp","href":"https:\/\/api.w.org\/{rel}","templated":true}]}}