{"id":62334,"date":"2023-11-21T13:29:00","date_gmt":"2023-11-21T19:29:00","guid":{"rendered":"http:\/\/www.zonaroja.com.mx\/?p=62334"},"modified":"2023-11-21T07:37:15","modified_gmt":"2023-11-21T13:37:15","slug":"reconoce-trayectoria-del-periodista-oaxaqueno-willy-lopez-torres","status":"publish","type":"post","link":"https:\/\/zonaroja.com.mx\/?p=62334","title":{"rendered":"Reconoce trayectoria del periodista oaxaque\u00f1o Willy\u00a0L\u00f3pez Torres"},"content":{"rendered":"\n<p>Redacci\u00f3n\/Zona Roja.<\/p>\n\n\n\n<p>Oaxaca de Ju\u00e1rez, Oax., a 21 de noviembre de 2023.- La Casa de la Cultura&nbsp;Oaxaque\u00f1a&nbsp;(CCO) entreg\u00f3&nbsp;un reconocimiento al periodista y&nbsp;poeta&nbsp;Wilfrido L\u00f3pez Torres,&nbsp;por sus m\u00e1s de 40 a\u00f1os de&nbsp;trayectoria en instituciones p\u00fablicas y medios de comunicaci\u00f3n&nbsp;en el&nbsp;estado de Oaxaca, siempre cumpliendo con el compromiso social de \u201cdar voz a los que no tienen voz\u201d.&nbsp;<\/p>\n\n\n\n<p>En el marco de la clausura del Primer Conversatorio&nbsp;\u201c\u00bfPara qu\u00e9 sirve el periodismo?\u201d, la directora de CCO, Sara Carolina Orozco Mart\u00ednez, destac\u00f3&nbsp;la&nbsp;calidad&nbsp;humana&nbsp;en&nbsp;sus trabajos period\u00edsticos, el alto nivel \u00e9tico&nbsp;en&nbsp;el ejercicio de su profesi\u00f3n y&nbsp;su&nbsp;rigor profesional para ofrecer a sus lectores&nbsp;una aproximaci\u00f3n fiel a la realidad social.<\/p>\n\n\n\n<p>Wilfrido L\u00f3pez Torres, originario de Tlacolula de Matamoros,&nbsp;es&nbsp;jefe&nbsp;de Redacci\u00f3n&nbsp;de Noticieros del peri\u00f3dico \u201cEl Imparcial\u201d,&nbsp;y forma parte del Comit\u00e9 Ejecutivo de la Asociaci\u00f3n de Periodistas de Oaxaca (APO), la organizaci\u00f3n gremial con m\u00e1s de 50 a\u00f1os de promover la libertad de expresi\u00f3n y mejores condiciones&nbsp;profesionales.<\/p>\n\n\n\n<p>Aunque su formaci\u00f3n inicial fue autodidacta, logr\u00f3 alcanzar el grado de&nbsp;T\u00e9cnico en periodismo por la Escuela de Periodismo \u201cCarlos Septi\u00e9n Garc\u00eda\u201d y&nbsp;tambi\u00e9n una&nbsp;beca por la Escuela Internacional de Periodismo \u201cJos\u00e9 Mart\u00ed\u201d, de la Habana, Cuba, donde contin\u00fao su formaci\u00f3n profesional.<\/p>\n\n\n\n<p>L\u00f3pez Torres inici\u00f3 su&nbsp;carrera en la secci\u00f3n policiaca del diario local \u201cPanorama&nbsp;Oaxaque\u00f1o\u201d. Ha laborado en redacciones de diarios locales&nbsp;como en&nbsp;radio y&nbsp;televisi\u00f3n. Fue&nbsp;de reportero y corresponsal en la Agencia Mexicana de Noticias (Notimex), donde cubri\u00f3 eventos internacionales,&nbsp;adem\u00e1s&nbsp;labor\u00f3&nbsp;en \u00e1reas&nbsp;de Comunicaci\u00f3n Social del sector p\u00fablico.<\/p>\n\n\n\n<p>L\u00f3pez Torres, obtuvo&nbsp;el segundo lugar en el XXXIII Concurso Literario de Prosa y Poes\u00eda \u201cEl Tim\u00f3n de Oro\u201d, organizado por la Asociaci\u00f3n de la Heroica Escuela Naval Militar&nbsp;en octubre de 2019&nbsp;y&nbsp;tambi\u00e9n&nbsp;se hizo acreedor al Premio Estatal de Poes\u00eda con su obra \u201cHe hallado el final en tu camino\u201d&nbsp;en 1985.<\/p>\n\n\n\n<p>Hoy&nbsp;integra el grupo de promotores del Conversatorio&nbsp;\u201c\u00bfPara qu\u00e9 sirve el periodismo?\u201d, el primer ejercicio en su g\u00e9nero&nbsp;en el estado de Oaxaca,&nbsp;que,&nbsp;durante 11 sesiones en dos meses, reuni\u00f3&nbsp;en la Casa de la Cultura Oaxaque\u00f1a&nbsp;a m\u00e1s de 350&nbsp;periodistas, comunicadores, directores de medios de comunicaci\u00f3n, estudiantes y acad\u00e9micos.<\/p>\n","protected":false},"excerpt":{"rendered":"<p>Redacci\u00f3n\/Zona Roja. Oaxaca de Ju\u00e1rez, Oax., a 21 de noviembre de 2023.- La Casa de&hellip;<\/p>\n","protected":false},"author":2,"featured_media":62336,"comment_status":"closed","ping_status":"open","sticky":false,"template":"","format":"standard","meta":{"_lmt_disableupdate":"","_lmt_disable":"","_jetpack_memberships_contains_paid_content":false,"footnotes":""},"categories":[109,46],"tags":[],"class_list":["post-62334","post","type-post","status-publish","format-standard","has-post-thumbnail","hentry","category-minuto-a-minuto","category-zona-blanca"],"jetpack_featured_media_url":"https:\/\/zonaroja.com.mx\/wp-content\/uploads\/2023\/11\/Wilfrido-Lopez-Torres-CCO.jpg","jetpack_sharing_enabled":true,"_links":{"self":[{"href":"https:\/\/zonaroja.com.mx\/index.php?rest_route=\/wp\/v2\/posts\/62334","targetHints":{"allow":["GET"]}}],"collection":[{"href":"https:\/\/zonaroja.com.mx\/index.php?rest_route=\/wp\/v2\/posts"}],"about":[{"href":"https:\/\/zonaroja.com.mx\/index.php?rest_route=\/wp\/v2\/types\/post"}],"author":[{"embeddable":true,"href":"https:\/\/zonaroja.com.mx\/index.php?rest_route=\/wp\/v2\/users\/2"}],"replies":[{"embeddable":true,"href":"https:\/\/zonaroja.com.mx\/index.php?rest_route=%2Fwp%2Fv2%2Fcomments&post=62334"}],"version-history":[{"count":1,"href":"https:\/\/zonaroja.com.mx\/index.php?rest_route=\/wp\/v2\/posts\/62334\/revisions"}],"predecessor-version":[{"id":62337,"href":"https:\/\/zonaroja.com.mx\/index.php?rest_route=\/wp\/v2\/posts\/62334\/revisions\/62337"}],"wp:featuredmedia":[{"embeddable":true,"href":"https:\/\/zonaroja.com.mx\/index.php?rest_route=\/wp\/v2\/media\/62336"}],"wp:attachment":[{"href":"https:\/\/zonaroja.com.mx\/index.php?rest_route=%2Fwp%2Fv2%2Fmedia&parent=62334"}],"wp:term":[{"taxonomy":"category","embeddable":true,"href":"https:\/\/zonaroja.com.mx\/index.php?rest_route=%2Fwp%2Fv2%2Fcategories&post=62334"},{"taxonomy":"post_tag","embeddable":true,"href":"https:\/\/zonaroja.com.mx\/index.php?rest_route=%2Fwp%2Fv2%2Ftags&post=62334"}],"curies":[{"name":"wp","href":"https:\/\/api.w.org\/{rel}","templated":true}]}}