{"id":62339,"date":"2023-11-21T10:52:00","date_gmt":"2023-11-21T16:52:00","guid":{"rendered":"http:\/\/www.zonaroja.com.mx\/?p=62339"},"modified":"2023-11-21T11:58:18","modified_gmt":"2023-11-21T17:58:18","slug":"identifican-a-uno-de-los-dos-mexicanos-secuestrados-en-buque-en-el-mar-rojo","status":"publish","type":"post","link":"https:\/\/zonaroja.com.mx\/?p=62339","title":{"rendered":"Identifican a los dos mexicanos secuestrados en buque en el Mar Rojo"},"content":{"rendered":"\n<p>Redacci\u00f3n\/Zona Roja Cdmx.<\/p>\n\n\n\n<p>Ciudad de M\u00e9xico, a 21 de noviembre de 2023.- La Secretar\u00eda de Relaciones Exteriores (SRE) trabaja en coordinaci\u00f3n con las embajadas de otros pa\u00edses para lograr la liberaci\u00f3n de los tripulantes de un buque de carga en aguas internacionales del Mar Rojo.&nbsp;<\/p>\n\n\n\n<p>La canciller\u00eda se\u00f1al\u00f3 que entre las personas de la tripulaci\u00f3n \u201ca partir de informaci\u00f3n recibida, se encuentran dos de nacionalidad mexicana.\u201d<\/p>\n\n\n\n<p>El buque \u201cGalaxy Leader\u201d fue tomado el domingo pasado por un grupo armado identificado como rebeldes hut\u00edes de Yemen, quienes afirmaron que la acci\u00f3n es en respuesta a los ataques de Israel en territorio palestino.<\/p>\n\n\n\n<p>La canciller\u00eda mexicana no hace menci\u00f3n a la bandera del buque secuestrado y solo se\u00f1ala que toman acciones para intentar proteger a la tripulaci\u00f3n: \u201cla Embajada de M\u00e9xico (en Arabia Saudita) ha realizado gestiones mediante canales diplom\u00e1ticos para corroborar la situaci\u00f3n de la tripulaci\u00f3n y ha tenido comunicaci\u00f3n con representantes de embajadas de otros pa\u00edses involucrados para allegarse de informaci\u00f3n, y realizar gestiones que conduzcan a la liberaci\u00f3n de los tripulantes que se encuentran en dicha embarcaci\u00f3n.\u201d<\/p>\n\n\n\n<p>El \u201cGalaxy Leader\u201d es un buque especializado en el transporte de autom\u00f3viles, y era operado por la firma japonesa Nippon Yusen, sin embargo, pertenece al Ray Shipping Group, propiedad del empresario israel\u00ed Abraham Rami Ungar.<\/p>\n\n\n\n<p>IDENTIFICADOS<\/p>\n\n\n\n<p>De acuerdo con la informaci\u00f3n que ha trascendido en redes sociales, los dos mexicanos que estaban a bordo del Galaxy Leader han sido identificados como Arturo Zacar\u00edas Meza y Manuel Rolon Hern\u00e1ndez, ambos originarios de Veracruz.<\/p>\n\n\n\n<p>Aunque se ha asegurado que dos mexicanos fueron secuestrados por los rebeldes hut\u00edes, se tiene conocimiento que Manuel Rolon Hern\u00e1ndez, quien iba como jefe de m\u00e1quinas, baj\u00f3 en el \u00faltimo puerto previo a navegar en el Mar Rojo, seg\u00fan confirm\u00f3 \u00e9l mismo en sus redes sociales.<\/p>\n\n\n\n<p>Se tiene conocimiento que Arturo Zacar\u00edas Meza, originario de Misantla, del estado de Veracruz, iba a bordo bajo el rol de cuarto ingeniero.<\/p>\n\n\n\n<p>El hombre, de 31 a\u00f1os de edad y quien es egresado de la Escuela N\u00e1utica Mercante, ha perdido toda comunicaci\u00f3n con familiares y amigos, lo que confirmar\u00eda su presencia en el buque cuando \u00e9ste fue capturado por los rebeldes.<\/p>\n\n\n\n<p>(Informaci\u00f3n de \u201cLa Jornada\u201d e Infobae M\u00e9xico)<\/p>\n","protected":false},"excerpt":{"rendered":"<p>Redacci\u00f3n\/Zona Roja Cdmx. Ciudad de M\u00e9xico, a 21 de noviembre de 2023.- La Secretar\u00eda de&hellip;<\/p>\n","protected":false},"author":2,"featured_media":62290,"comment_status":"closed","ping_status":"open","sticky":false,"template":"","format":"standard","meta":{"_lmt_disableupdate":"","_lmt_disable":"","_jetpack_memberships_contains_paid_content":false,"footnotes":""},"categories":[109,47],"tags":[],"class_list":["post-62339","post","type-post","status-publish","format-standard","has-post-thumbnail","hentry","category-minuto-a-minuto","category-zona-gris"],"jetpack_featured_media_url":"https:\/\/zonaroja.com.mx\/wp-content\/uploads\/2023\/11\/Comando-barco-carguero-Mar-Rojo.jpeg","jetpack_sharing_enabled":true,"_links":{"self":[{"href":"https:\/\/zonaroja.com.mx\/index.php?rest_route=\/wp\/v2\/posts\/62339","targetHints":{"allow":["GET"]}}],"collection":[{"href":"https:\/\/zonaroja.com.mx\/index.php?rest_route=\/wp\/v2\/posts"}],"about":[{"href":"https:\/\/zonaroja.com.mx\/index.php?rest_route=\/wp\/v2\/types\/post"}],"author":[{"embeddable":true,"href":"https:\/\/zonaroja.com.mx\/index.php?rest_route=\/wp\/v2\/users\/2"}],"replies":[{"embeddable":true,"href":"https:\/\/zonaroja.com.mx\/index.php?rest_route=%2Fwp%2Fv2%2Fcomments&post=62339"}],"version-history":[{"count":2,"href":"https:\/\/zonaroja.com.mx\/index.php?rest_route=\/wp\/v2\/posts\/62339\/revisions"}],"predecessor-version":[{"id":62341,"href":"https:\/\/zonaroja.com.mx\/index.php?rest_route=\/wp\/v2\/posts\/62339\/revisions\/62341"}],"wp:featuredmedia":[{"embeddable":true,"href":"https:\/\/zonaroja.com.mx\/index.php?rest_route=\/wp\/v2\/media\/62290"}],"wp:attachment":[{"href":"https:\/\/zonaroja.com.mx\/index.php?rest_route=%2Fwp%2Fv2%2Fmedia&parent=62339"}],"wp:term":[{"taxonomy":"category","embeddable":true,"href":"https:\/\/zonaroja.com.mx\/index.php?rest_route=%2Fwp%2Fv2%2Fcategories&post=62339"},{"taxonomy":"post_tag","embeddable":true,"href":"https:\/\/zonaroja.com.mx\/index.php?rest_route=%2Fwp%2Fv2%2Ftags&post=62339"}],"curies":[{"name":"wp","href":"https:\/\/api.w.org\/{rel}","templated":true}]}}