{"id":62344,"date":"2023-11-21T17:57:49","date_gmt":"2023-11-21T23:57:49","guid":{"rendered":"http:\/\/www.zonaroja.com.mx\/?p=62344"},"modified":"2023-11-21T17:57:51","modified_gmt":"2023-11-21T23:57:51","slug":"ni-con-murat-en-morena-jara-detendra-investigaciones-dice-que-no-habra-impunidad","status":"publish","type":"post","link":"https:\/\/zonaroja.com.mx\/?p=62344","title":{"rendered":"Ni con Murat en Morena, Jara detendr\u00e1 investigaciones; dice que no habr\u00e1 impunidad\u00a0"},"content":{"rendered":"\n<p>Yuridiana Sosa\/Zona Roja.&nbsp;<\/p>\n\n\n\n<p>Oaxaca de Ju\u00e1rez, Oax., a 21 de noviembre de 2023.- El gobernador de Oaxaca, Salom\u00f3n Jara Cruz, reiter\u00f3 que pese a la posible llegada de su antecesor a Morena, el ex priista Alejandro Murat, no detendr\u00e1 las investigaciones contra el anterior gobierno para sancionar posibles actos contra el erario p\u00fablico.&nbsp;<\/p>\n\n\n\n<p>As\u00ed lo destac\u00f3 durante su conferencia matutina de este martes, tras darse a conocer el viernes pasado la renuncia de Alejandro Murat Hinojosa al PRI y recientemente su simpat\u00eda por el proyecto que encabeza Claudia Sheinbaum&nbsp;rumbo a la elecci\u00f3n para la presidencia de M\u00e9xico.&nbsp;<\/p>\n\n\n\n<p>Jara Cruz se\u00f1al\u00f3 que \u201cnada borra lo que nos dejaron, en ruinas a Oaxaca\u201d, donde el gobierno de Murat Hinojosa hered\u00f3 ingobernabilidad e inseguridad.&nbsp;<\/p>\n\n\n\n<p>Por lo que sostuvo: \u201cPara nosotros no va a haber impunidad, funcionario que haya cometido un agravio en Oaxaca no va a haber impunidad\u201d.&nbsp;<\/p>\n\n\n\n<p>Agreg\u00f3: \u201cEstamos trabajando muy duro con la Secretar\u00eda de Honestidad, y con quienes tienen que ver con todas estas investigaciones (contra el anterior gobierno) y van a seguir. Nosotros no olvidamos, nosotros tenemos memoria\u201d.&nbsp;<\/p>\n\n\n\n<p>PERO PREOCUPA &nbsp;<\/p>\n\n\n\n<p>Salom\u00f3n Jara manifest\u00f3 su desacuerdo y preocupaci\u00f3n por la posible llegada de Alejandro Murat a Morena.&nbsp;<\/p>\n\n\n\n<p>\u201cNo s\u00e9 d\u00f3nde vaya a parar el se\u00f1or Alejandro Murat, si va a parar al Verde, si va a parar al PT, si va a parar a alg\u00fan partido m\u00e1s o a Morena. Pero yo no creo eh\u201d, expres\u00f3 y enseguida agreg\u00f3 que de ser as\u00ed \u201cla verdad s\u00ed, a veces, preocupa\u201d.&nbsp;<\/p>\n\n\n\n<p>No obstante, asegur\u00f3 que pese a esa posibilidad, su gobierno va a enfocar su atenci\u00f3n en trabajar por Oaxaca,\u201dsomos de una oposici\u00f3n muy firme, responsable\u201d.&nbsp;<\/p>\n\n\n\n<p>En lo particular, agreg\u00f3, su origen en la pol\u00edtica es de izquierda y siempre ha estado en la lucha.&nbsp;<\/p>\n\n\n\n<p>El gobernador morenista resalt\u00f3 la crisis y desbandada en el PRI, del que han salido decenas de militantes, l\u00edderes y senadores recientemente.&nbsp;<\/p>\n\n\n\n<p>\u201cHay una crisis generada porque seguramente han conducido mal a su partido y en Oaxaca pas\u00f3 lo mismo\u201d, como ocurri\u00f3 con su ex l\u00edder, Eviel P\u00e9rez Maga\u00f1a, quien fue hasta funcionario federal con el gobierno de Enrique Pe\u00f1a Nieto. &nbsp;<\/p>\n\n\n\n<p>MURAT BUSCA SEGUIR&nbsp;<\/p>\n\n\n\n<p>Por otra parte, durante una entrevista con el periodista Joaqu\u00edn L\u00f3pez D\u00f3riga, en Radio F\u00f3rmula, el ex gobernador de Oaxaca, Alejandro Murat, dej\u00f3 en claro su salida del PRI al no verle futuro pol\u00edtico y su simpat\u00eda con Claudia Sheinbaum. &nbsp;<\/p>\n\n\n\n<p>Apunt\u00f3 que ante las p\u00e9rdidas del PRI en pasadas elecciones, en alianza y sin alianza, analiz\u00f3 sobre las probabilidades de que algo diferente pudiera ocurrir en el futuro. &nbsp;<\/p>\n\n\n\n<p>En la entrevista L\u00f3pez D\u00f3riga insisti\u00f3 en que \u201cve a Murat\u201d en Morena, a lo que el ex mandatario dijo que evaluar\u00e1 esa posibilidad, y reconoci\u00f3 que existe una buena relaci\u00f3n con la candidata de Morena a la presidencia del pa\u00eds, la cual inici\u00f3 cuando fue gobernador y ella Jefa de Gobierno de la Ciudad de M\u00e9xico.&nbsp;<\/p>\n\n\n\n<p>Sin embargo, a\u00fan no ha platicado ampliamente con ella, pero se enfocar\u00e1 en&nbsp;construir esfuerzos que permitan generar pol\u00edticas p\u00fablicas para el pa\u00eds en la alianza progresista por M\u00e9xico. &nbsp;<\/p>\n\n\n\n<p>Murat Hinojosa no neg\u00f3 sus aspiraciones de seguir en los cargos de decisiones del pa\u00eds, como lo es desde el Congreso Federal.&nbsp;<\/p>\n\n\n\n<p>\u201cSiempre voy a buscar participar, si es en el Congreso, si es en el servicio p\u00fablico, sin duda\u201d, manifest\u00f3 Murat.<\/p>\n","protected":false},"excerpt":{"rendered":"<p>Yuridiana Sosa\/Zona Roja.&nbsp; Oaxaca de Ju\u00e1rez, Oax., a 21 de noviembre de 2023.- El gobernador&hellip;<\/p>\n","protected":false},"author":2,"featured_media":62345,"comment_status":"closed","ping_status":"open","sticky":false,"template":"","format":"standard","meta":{"_lmt_disableupdate":"","_lmt_disable":"","_jetpack_memberships_contains_paid_content":false,"footnotes":""},"categories":[109,46],"tags":[939],"class_list":["post-62344","post","type-post","status-publish","format-standard","has-post-thumbnail","hentry","category-minuto-a-minuto","category-zona-blanca","tag-salomon-jara-cruz"],"jetpack_featured_media_url":"https:\/\/zonaroja.com.mx\/wp-content\/uploads\/2023\/11\/CONFERENCIA-3.jpg","jetpack_sharing_enabled":true,"_links":{"self":[{"href":"https:\/\/zonaroja.com.mx\/index.php?rest_route=\/wp\/v2\/posts\/62344","targetHints":{"allow":["GET"]}}],"collection":[{"href":"https:\/\/zonaroja.com.mx\/index.php?rest_route=\/wp\/v2\/posts"}],"about":[{"href":"https:\/\/zonaroja.com.mx\/index.php?rest_route=\/wp\/v2\/types\/post"}],"author":[{"embeddable":true,"href":"https:\/\/zonaroja.com.mx\/index.php?rest_route=\/wp\/v2\/users\/2"}],"replies":[{"embeddable":true,"href":"https:\/\/zonaroja.com.mx\/index.php?rest_route=%2Fwp%2Fv2%2Fcomments&post=62344"}],"version-history":[{"count":1,"href":"https:\/\/zonaroja.com.mx\/index.php?rest_route=\/wp\/v2\/posts\/62344\/revisions"}],"predecessor-version":[{"id":62346,"href":"https:\/\/zonaroja.com.mx\/index.php?rest_route=\/wp\/v2\/posts\/62344\/revisions\/62346"}],"wp:featuredmedia":[{"embeddable":true,"href":"https:\/\/zonaroja.com.mx\/index.php?rest_route=\/wp\/v2\/media\/62345"}],"wp:attachment":[{"href":"https:\/\/zonaroja.com.mx\/index.php?rest_route=%2Fwp%2Fv2%2Fmedia&parent=62344"}],"wp:term":[{"taxonomy":"category","embeddable":true,"href":"https:\/\/zonaroja.com.mx\/index.php?rest_route=%2Fwp%2Fv2%2Fcategories&post=62344"},{"taxonomy":"post_tag","embeddable":true,"href":"https:\/\/zonaroja.com.mx\/index.php?rest_route=%2Fwp%2Fv2%2Ftags&post=62344"}],"curies":[{"name":"wp","href":"https:\/\/api.w.org\/{rel}","templated":true}]}}