{"id":62347,"date":"2023-11-21T18:30:00","date_gmt":"2023-11-22T00:30:00","guid":{"rendered":"http:\/\/www.zonaroja.com.mx\/?p=62347"},"modified":"2023-11-21T18:03:59","modified_gmt":"2023-11-22T00:03:59","slug":"alertan-por-descenso-de-temperaturas-en-oaxaca-ante-frente-frio","status":"publish","type":"post","link":"https:\/\/zonaroja.com.mx\/?p=62347","title":{"rendered":"Alertan por descenso de temperaturas en Oaxaca, ante Frente Fr\u00edo"},"content":{"rendered":"\n<p>Redacci\u00f3n\/Zona Roja.&nbsp;<\/p>\n\n\n\n<p>Oaxaca de Ju\u00e1rez, Oax., 21 de noviembre de 2023.- La Coordinaci\u00f3n Estatal de Protecci\u00f3n Civil y Gesti\u00f3n de Riesgos emiti\u00f3 un alertamiento ante el desplazamiento del Frente Fr\u00edo n\u00famero 11 por territorio nacional, el cual ocasionar\u00e1 descenso en la temperatura, evento de norte, lluvias y oleaje elevado en diferentes regiones de la entidad.<\/p>\n\n\n\n<p>Este frente fr\u00edo se extiende la tarde de este martes, desde el noreste de los Estados Unidos, hasta la porci\u00f3n centro-sur de Veracruz y se espera que por la noche alcance la sonda de Campeche.<\/p>\n\n\n\n<p>La masa de aire fr\u00edo que impulsa al sistema frontal establecer\u00e1 un evento de norte a partir de este martes por la tarde-noche, el cual desarrollar\u00e1 rachas superiores a los 100 kil\u00f3metros por hora, en especial en el tramo carretero La Venta- La Ventosa, as\u00ed como oleaje elevado en la costa del Golfo de Tehuantepec.<\/p>\n\n\n\n<p>Conforme el fen\u00f3meno se desplace se presentar\u00e1n lluvias fuertes a intensas en la mitad norte del estado: Sierra de Ju\u00e1rez, Sierra de Flores Mag\u00f3n, Cuenca y norte del Istmo de Tehuantepec, y ligeras aisladas en el resto de la entidad, adem\u00e1s de nieblas muy densas en zonas serranas.<\/p>\n\n\n\n<p>Las temperaturas descender\u00e1n generando un ambiente fr\u00edo principalmente en elevaciones mayores a mil 700 metros en las regiones de la Mixteca, Sierra de Ju\u00e1rez, Sierra Sur y Sierra de Flores Mag\u00f3n, as\u00ed como posibles crecidas repentinas en r\u00edos e inundaciones en zonas bajas, ca\u00edda de \u00e1rboles, espectaculares, ramales el\u00e9ctricos y posibles da\u00f1os en techos de viviendas de material endeble, as\u00ed como dificultad para transitar en zonas de viento muy fuerte.<\/p>\n\n\n\n<p>El organismo exhorta a la poblaci\u00f3n a acatar las recomendaciones que emitan las autoridades de Protecci\u00f3n Civil de cada municipio, Guardia Nacional Divisi\u00f3n Caminos y Capitan\u00edas de Puerto.<\/p>\n\n\n\n<p>Tambi\u00e9n recomienda a pescadores ribere\u00f1os y a embarcaciones de pesca menor a que se resguarden para no poner en riesgo su seguridad y evitar p\u00e9rdidas materiales debido al alto oleaje y los vientos.<\/p>\n\n\n\n<p>Asimismo, ante el marcado descenso en la temperatura, se recomienda abrigar a ni\u00f1as, ni\u00f1os y personas adultas mayores.<\/p>\n\n\n\n<p>Protecci\u00f3n Civil se\u00f1al\u00f3 que se continuar\u00e1 el monitoreo de este fen\u00f3meno y realizar\u00e1 las acciones preventivas en beneficio de la poblaci\u00f3n.<\/p>\n","protected":false},"excerpt":{"rendered":"<p>Redacci\u00f3n\/Zona Roja.&nbsp; Oaxaca de Ju\u00e1rez, Oax., 21 de noviembre de 2023.- La Coordinaci\u00f3n Estatal de&hellip;<\/p>\n","protected":false},"author":2,"featured_media":5682,"comment_status":"closed","ping_status":"open","sticky":false,"template":"","format":"standard","meta":{"_lmt_disableupdate":"","_lmt_disable":"","_jetpack_memberships_contains_paid_content":false,"footnotes":""},"categories":[109,47],"tags":[],"class_list":["post-62347","post","type-post","status-publish","format-standard","has-post-thumbnail","hentry","category-minuto-a-minuto","category-zona-gris"],"jetpack_featured_media_url":"https:\/\/zonaroja.com.mx\/wp-content\/uploads\/2019\/11\/fr\u00edo.jpg","jetpack_sharing_enabled":true,"_links":{"self":[{"href":"https:\/\/zonaroja.com.mx\/index.php?rest_route=\/wp\/v2\/posts\/62347","targetHints":{"allow":["GET"]}}],"collection":[{"href":"https:\/\/zonaroja.com.mx\/index.php?rest_route=\/wp\/v2\/posts"}],"about":[{"href":"https:\/\/zonaroja.com.mx\/index.php?rest_route=\/wp\/v2\/types\/post"}],"author":[{"embeddable":true,"href":"https:\/\/zonaroja.com.mx\/index.php?rest_route=\/wp\/v2\/users\/2"}],"replies":[{"embeddable":true,"href":"https:\/\/zonaroja.com.mx\/index.php?rest_route=%2Fwp%2Fv2%2Fcomments&post=62347"}],"version-history":[{"count":1,"href":"https:\/\/zonaroja.com.mx\/index.php?rest_route=\/wp\/v2\/posts\/62347\/revisions"}],"predecessor-version":[{"id":62348,"href":"https:\/\/zonaroja.com.mx\/index.php?rest_route=\/wp\/v2\/posts\/62347\/revisions\/62348"}],"wp:featuredmedia":[{"embeddable":true,"href":"https:\/\/zonaroja.com.mx\/index.php?rest_route=\/wp\/v2\/media\/5682"}],"wp:attachment":[{"href":"https:\/\/zonaroja.com.mx\/index.php?rest_route=%2Fwp%2Fv2%2Fmedia&parent=62347"}],"wp:term":[{"taxonomy":"category","embeddable":true,"href":"https:\/\/zonaroja.com.mx\/index.php?rest_route=%2Fwp%2Fv2%2Fcategories&post=62347"},{"taxonomy":"post_tag","embeddable":true,"href":"https:\/\/zonaroja.com.mx\/index.php?rest_route=%2Fwp%2Fv2%2Ftags&post=62347"}],"curies":[{"name":"wp","href":"https:\/\/api.w.org\/{rel}","templated":true}]}}