{"id":62349,"date":"2023-11-21T19:13:00","date_gmt":"2023-11-22T01:13:00","guid":{"rendered":"http:\/\/www.zonaroja.com.mx\/?p=62349"},"modified":"2023-11-21T18:25:35","modified_gmt":"2023-11-22T00:25:35","slug":"complicado-martes-de-protestas-y-bloqueos-en-oaxaca-conflicto-en-sso-se-prolonga","status":"publish","type":"post","link":"https:\/\/zonaroja.com.mx\/?p=62349","title":{"rendered":"Complicado martes de protestas y bloqueos en Oaxaca; conflicto en SSO se prolonga \u00a0"},"content":{"rendered":"\n<p>Yuridiana Sosa\/Zona Roja.&nbsp;<\/p>\n\n\n\n<p>Oaxaca de Ju\u00e1rez, Oax., a 21 de noviembre de 2023.- La desatenci\u00f3n de los Servicios de Salud de Oaxaca, a cargo de Alma Lilia Velasco, agravaron los problemas en la base trabajadora, que este martes extendieron sus protestas de la regi\u00f3n de la Costa a los Valles Centrales.&nbsp;<\/p>\n\n\n\n<p>Integrantes de la Secci\u00f3n 35 del Sindicato Nacional de Trabajadores de Salud (SNTSA) \u201ctomaron\u201d las oficinas de la Direcci\u00f3n de Administraci\u00f3n de los SSO, en la colonia Reforma de la capital, para exigir la entrega de dos plazas a sus compa\u00f1eros. &nbsp;<\/p>\n\n\n\n<p>La delegada sindical en San Pedro Pochutla, Roc\u00edo del Carmen Carrillo Sosa, se\u00f1al\u00f3 que el gobierno entreg\u00f3 dos plazas a personas no adscritas al hospital de Pochutla, rompiendo el reglamento para otorgar esos espacios.&nbsp;<\/p>\n\n\n\n<p>Este problema, dijo, no es sindical y compete a los Servicios de Salud de Oaxaca resolverlos, mientras que las carencias en la falta de m\u00e9dicos especialistas contin\u00faa. &nbsp;<\/p>\n\n\n\n<p>En tanto, es el gobierno federal, a cargo del IMSS-Bienestar, el que atiende las carencias de infraestructura, como es la remodelaci\u00f3n de un quir\u00f3fano.&nbsp;<\/p>\n\n\n\n<p>A este problema se suma la protesta que estallaron trabajadores del Centro de Salud con Servicios Ampliados de Santa Mar\u00eda Huatulco, que desde el pasado 13 de octubre activaron un paro de labores por la desatenci\u00f3n a su pliego de demandas, expuesto desde hace tres meses antes.&nbsp;<\/p>\n\n\n\n<p>M\u00c1S PROTESTAS&nbsp;<\/p>\n\n\n\n<p>Tras el d\u00eda de asueto por el 20 de noviembre, las protestas estallaron en la entidad y este martes se registraron al menos siete manifestaciones contra autoridades estatales y municipales.&nbsp;<\/p>\n\n\n\n<p>Habitantes de Santa Catarina Coatl\u00e1n bloquearon la supercarretera Oaxaca-Costa, lo cual representa un posible atraso para la apertura de la autopista, programada para el mes de enero; aunque se desconocieron los motivos de la movilizaci\u00f3n. &nbsp;<\/p>\n\n\n\n<p>Por otra parte, estudiantes y trabajadores de la Facultad de Bellas Artes de la Universidad Aut\u00f3noma Benito Ju\u00e1rez de Oaxaca se manifestaron para denunciar arbitrariedades de la directora.&nbsp;<\/p>\n\n\n\n<p>Los alumnos se\u00f1alaron que existe difamaci\u00f3n y amenazas hacia ellos y los docentes, as\u00ed como se registran conflictos de intereses con la contrataci\u00f3n de familiares.&nbsp;<\/p>\n\n\n\n<p>Pero pese a que la inconformidad cumple casi un mes, el rector Cristian Carre\u00f1o no ha atendido el problema.&nbsp;<\/p>\n\n\n\n<p>As\u00ed tambi\u00e9n,&nbsp;transportistas bloquean la carretera Oaxaca-Istmo, a la altura de La Ventosa, Juchit\u00e1n, mientras que pobladores bloquean la carretera federal 200 de la regi\u00f3n Costa, a la altura del municipio de Santiago Jamiltepec.&nbsp;<\/p>\n\n\n\n<p>En tanto que por segundo d\u00eda, padres de familia de un plantel escolar bloquearon la carretera federal 200 de la regi\u00f3n Costa en Oaxaca, ahora a la altura de la comunidad de El Vig\u00eda, San Pedro Pochutla.<\/p>\n\n\n\n<p>Entre otras protestas m\u00e1s, sindicalizados del Colegio Nacional de Educaci\u00f3n Profesional T\u00e9cnica (Conalep) efectuaron hoy un paro de labores por exigencias laborales; amagaron con iniciar una huelga el pr\u00f3ximo lunes.<\/p>\n","protected":false},"excerpt":{"rendered":"<p>Yuridiana Sosa\/Zona Roja.&nbsp; Oaxaca de Ju\u00e1rez, Oax., a 21 de noviembre de 2023.- La desatenci\u00f3n&hellip;<\/p>\n","protected":false},"author":2,"featured_media":62350,"comment_status":"closed","ping_status":"open","sticky":false,"template":"","format":"standard","meta":{"_lmt_disableupdate":"","_lmt_disable":"","_jetpack_memberships_contains_paid_content":false,"footnotes":""},"categories":[109,47],"tags":[2264],"class_list":["post-62349","post","type-post","status-publish","format-standard","has-post-thumbnail","hentry","category-minuto-a-minuto","category-zona-gris","tag-bloqueos-y-protestas-oaxaca"],"jetpack_featured_media_url":"https:\/\/zonaroja.com.mx\/wp-content\/uploads\/2023\/11\/Protestas-y-bloqueos-Oaxaca-21nov.jpg","jetpack_sharing_enabled":true,"_links":{"self":[{"href":"https:\/\/zonaroja.com.mx\/index.php?rest_route=\/wp\/v2\/posts\/62349","targetHints":{"allow":["GET"]}}],"collection":[{"href":"https:\/\/zonaroja.com.mx\/index.php?rest_route=\/wp\/v2\/posts"}],"about":[{"href":"https:\/\/zonaroja.com.mx\/index.php?rest_route=\/wp\/v2\/types\/post"}],"author":[{"embeddable":true,"href":"https:\/\/zonaroja.com.mx\/index.php?rest_route=\/wp\/v2\/users\/2"}],"replies":[{"embeddable":true,"href":"https:\/\/zonaroja.com.mx\/index.php?rest_route=%2Fwp%2Fv2%2Fcomments&post=62349"}],"version-history":[{"count":1,"href":"https:\/\/zonaroja.com.mx\/index.php?rest_route=\/wp\/v2\/posts\/62349\/revisions"}],"predecessor-version":[{"id":62351,"href":"https:\/\/zonaroja.com.mx\/index.php?rest_route=\/wp\/v2\/posts\/62349\/revisions\/62351"}],"wp:featuredmedia":[{"embeddable":true,"href":"https:\/\/zonaroja.com.mx\/index.php?rest_route=\/wp\/v2\/media\/62350"}],"wp:attachment":[{"href":"https:\/\/zonaroja.com.mx\/index.php?rest_route=%2Fwp%2Fv2%2Fmedia&parent=62349"}],"wp:term":[{"taxonomy":"category","embeddable":true,"href":"https:\/\/zonaroja.com.mx\/index.php?rest_route=%2Fwp%2Fv2%2Fcategories&post=62349"},{"taxonomy":"post_tag","embeddable":true,"href":"https:\/\/zonaroja.com.mx\/index.php?rest_route=%2Fwp%2Fv2%2Ftags&post=62349"}],"curies":[{"name":"wp","href":"https:\/\/api.w.org\/{rel}","templated":true}]}}