{"id":6235,"date":"2019-11-30T21:40:19","date_gmt":"2019-12-01T03:40:19","guid":{"rendered":"https:\/\/www.zonaroja.com.mx\/?p=6235"},"modified":"2019-11-30T21:40:22","modified_gmt":"2019-12-01T03:40:22","slug":"investiga-defensoria-de-derechos-humanos-hechos-en-el-pedimento","status":"publish","type":"post","link":"https:\/\/zonaroja.com.mx\/?p=6235","title":{"rendered":"Investiga Defensor\u00eda de Derechos Humanos hechos en \u201cEl Pedimento\u201d"},"content":{"rendered":"\n<p class=\"MsoNormal\">Redacci\u00f3n\/Zona Roja &nbsp;<\/p>\n\n\n\n<p class=\"MsoNormal\">Oaxaca de Ju\u00e1rez, Oax., 30 de noviembre de 2019.- La Defensor\u00eda de los Derechos Humanos del Pueblo de Oaxaca (DDHPO) inici\u00f3 una investigaci\u00f3n respecto a la intervenci\u00f3n de cuerpos de seguridad ocurrida la ma\u00f1ana de este s\u00e1bado en \u201cEl Pedimento\u201d.<\/p>\n\n\n\n<p class=\"MsoNormal\">En un comunicado, expuso que una misi\u00f3n de observaci\u00f3n in situ, personal del \u00f3rgano aut\u00f3nomo se entrevista con personas que estuvieron presentes en el lugar de los hechos, as\u00ed como con autoridades.&nbsp;<\/p>\n\n\n\n<p class=\"MsoNormal\">Asimismo, la Defensor\u00eda acopia informaci\u00f3n respecto a las circunstancias en las cuales habr\u00eda fallecido una persona adulta del sexo femenino.&nbsp;<\/p>\n\n\n\n<p class=\"MsoNormal\">La DDHPO reiter\u00f3 el llamado al di\u00e1logo a las comunidades de Santa Catarina Juquila y Santiago Yaitepec, que permita solucionar de manera pac\u00edfica el conflicto que enfrentan.<\/p>\n\n\n\n<p class=\"MsoNormal\">Adem\u00e1s de que requiri\u00f3 a las instancias responsables de&nbsp; gobernabilidad en el estado, realizar acciones tendientes a privilegiar el di\u00e1logo, generar condiciones para la realizaci\u00f3n del mismo, escuchando a ambas&nbsp; partes y buscando soluciones integrales a la problem\u00e1tica.<\/p>\n\n\n\n<p class=\"MsoNormal\">La DDHPO recalc\u00f3 el llamado a que las autoridades de seguridad p\u00fablica estatal y federal presentes en la zona de conflicto, act\u00faen con estricto respeto y apego a los derechos humanos.<\/p>\n","protected":false},"excerpt":{"rendered":"<p>Redacci\u00f3n\/Zona Roja &nbsp; Oaxaca de Ju\u00e1rez, Oax., 30 de noviembre de 2019.- La Defensor\u00eda de&hellip;<\/p>\n","protected":false},"author":2,"featured_media":6234,"comment_status":"closed","ping_status":"open","sticky":false,"template":"","format":"standard","meta":{"_lmt_disableupdate":"","_lmt_disable":"","_jetpack_memberships_contains_paid_content":false,"footnotes":""},"categories":[109,51],"tags":[1079,556],"class_list":["post-6235","post","type-post","status-publish","format-standard","has-post-thumbnail","hentry","category-minuto-a-minuto","category-zona-roja","tag-el-pedimento","tag-conflicto-yaitepec-juquila"],"jetpack_featured_media_url":"https:\/\/zonaroja.com.mx\/wp-content\/uploads\/2019\/11\/ezy-watermark_30-11-2019_09-39-14p.-m..jpg","jetpack_sharing_enabled":true,"_links":{"self":[{"href":"https:\/\/zonaroja.com.mx\/index.php?rest_route=\/wp\/v2\/posts\/6235","targetHints":{"allow":["GET"]}}],"collection":[{"href":"https:\/\/zonaroja.com.mx\/index.php?rest_route=\/wp\/v2\/posts"}],"about":[{"href":"https:\/\/zonaroja.com.mx\/index.php?rest_route=\/wp\/v2\/types\/post"}],"author":[{"embeddable":true,"href":"https:\/\/zonaroja.com.mx\/index.php?rest_route=\/wp\/v2\/users\/2"}],"replies":[{"embeddable":true,"href":"https:\/\/zonaroja.com.mx\/index.php?rest_route=%2Fwp%2Fv2%2Fcomments&post=6235"}],"version-history":[{"count":1,"href":"https:\/\/zonaroja.com.mx\/index.php?rest_route=\/wp\/v2\/posts\/6235\/revisions"}],"predecessor-version":[{"id":6236,"href":"https:\/\/zonaroja.com.mx\/index.php?rest_route=\/wp\/v2\/posts\/6235\/revisions\/6236"}],"wp:featuredmedia":[{"embeddable":true,"href":"https:\/\/zonaroja.com.mx\/index.php?rest_route=\/wp\/v2\/media\/6234"}],"wp:attachment":[{"href":"https:\/\/zonaroja.com.mx\/index.php?rest_route=%2Fwp%2Fv2%2Fmedia&parent=6235"}],"wp:term":[{"taxonomy":"category","embeddable":true,"href":"https:\/\/zonaroja.com.mx\/index.php?rest_route=%2Fwp%2Fv2%2Fcategories&post=6235"},{"taxonomy":"post_tag","embeddable":true,"href":"https:\/\/zonaroja.com.mx\/index.php?rest_route=%2Fwp%2Fv2%2Ftags&post=6235"}],"curies":[{"name":"wp","href":"https:\/\/api.w.org\/{rel}","templated":true}]}}