{"id":62356,"date":"2023-11-22T06:59:05","date_gmt":"2023-11-22T12:59:05","guid":{"rendered":"http:\/\/www.zonaroja.com.mx\/?p=62356"},"modified":"2023-11-22T07:07:19","modified_gmt":"2023-11-22T13:07:19","slug":"registra-guerrero-5-crimenes-en-un-dia-en-michoacan-matan-a-jefe-policiaco","status":"publish","type":"post","link":"https:\/\/zonaroja.com.mx\/?p=62356","title":{"rendered":"Registra Guerrero 5 cr\u00edmenes en un d\u00eda; en Michoac\u00e1n matan a jefe policiaco"},"content":{"rendered":"\n<p>Redacci\u00f3n\/Zona Roja Cdmx.<\/p>\n\n\n\n<p>Ciudad de M\u00e9xico, a 22 de noviembre de 2023.- Un comandante de la Polic\u00eda Municipal de Apatzing\u00e1n, Michoac\u00e1n, fue asesinado a disparos.<\/p>\n\n\n\n<p>Octavio Miguel L. circulaba ayer por calles de la colonia Nueva cuando fue interceptado por sujetos armados; hasta el momento no hay personas detenidas.<\/p>\n\n\n\n<p>EN GUANAJUTO<\/p>\n\n\n\n<p>En Le\u00f3n, Guanajuato, fue asesinado el activista Adolfo Enr\u00edquez Vanderkam, quien en los \u00faltimos a\u00f1os denunci\u00f3 la incidencia delictiva en la ciudad por medio de sus redes sociales.<\/p>\n\n\n\n<p>Los hechos se registraron entre las calles Doctor Hern\u00e1ndez Alv\u00e1rez&nbsp;y 5 de Febrero, cuando una persona se acerc\u00f3 a Enr\u00edquez Vanderkam, le dispar\u00f3 en varias ocasiones y escap\u00f3 del sitio a bordo de una motocicleta.<\/p>\n\n\n\n<p>EN GUERRERO<\/p>\n\n\n\n<p>En tanto, el ex regidor perredista de Chilpancingo, Guerrero, durante el periodo 2018-2021, Juli\u00e1n de la Rosa Pel\u00e1ez,&nbsp;fue asesinado a balazos en el acceso principal de la colonia Lomas de Xocomulco, en la parte norponiente de la capital del estado.<\/p>\n\n\n\n<p>Su hermano, Sebasti\u00e1n de la Rosa Pel\u00e1ez ha sido diputado local en tres ocasiones y fue dirigente estatal del mismo partido, aunque recientemente se deslind\u00f3 de dicho instituto pol\u00edtico para incorporarse al partido Movimiento Ciudadano (MC).<\/p>\n\n\n\n<p>Por otra parte, la noche del lunes un comando embosc\u00f3 a polic\u00edas municipales de Ometepec, en Guerrero, lo que dej\u00f3 como saldo cuatro agentes muertos y tres m\u00e1s heridos.<\/p>\n\n\n\n<p>La agresi\u00f3n armada ocurri\u00f3 aproximadamente a las 21:00 horas del lunes en inmediaciones de la comunidad de Cruz de Coraz\u00f3n, que se encuentra localizada a tan solo 10 minutos de la cabecera municipal.<\/p>\n\n\n\n<p>Los cuatro polic\u00edas muertos fueron identificados con los nombres de Laurenciano \u201cN\u201d, Carlos \u201cN\u201d, Alves \u201cN\u201d y Sergio \u201cN\u201d, cuyos cad\u00e1veres fueron trasladados a la morgue, luego que peritos de la Fiscal\u00eda culminaron las diligencias de ley.<\/p>\n\n\n\n<p>(Con informaci\u00f3n de L\u00f3pez-D\u00f3riga Digital y \u201cMilenio\u201d)<\/p>\n","protected":false},"excerpt":{"rendered":"<p>Redacci\u00f3n\/Zona Roja Cdmx. Ciudad de M\u00e9xico, a 22 de noviembre de 2023.- Un comandante de&hellip;<\/p>\n","protected":false},"author":2,"featured_media":54456,"comment_status":"closed","ping_status":"open","sticky":false,"template":"","format":"standard","meta":{"_lmt_disableupdate":"","_lmt_disable":"","_jetpack_memberships_contains_paid_content":false,"footnotes":""},"categories":[109,51],"tags":[1746],"class_list":["post-62356","post","type-post","status-publish","format-standard","has-post-thumbnail","hentry","category-minuto-a-minuto","category-zona-roja","tag-violencia-en-mexico"],"jetpack_featured_media_url":"https:\/\/zonaroja.com.mx\/wp-content\/uploads\/2023\/04\/Escena-crimen-homicidio-violencia-asesinato.webp","jetpack_sharing_enabled":true,"_links":{"self":[{"href":"https:\/\/zonaroja.com.mx\/index.php?rest_route=\/wp\/v2\/posts\/62356","targetHints":{"allow":["GET"]}}],"collection":[{"href":"https:\/\/zonaroja.com.mx\/index.php?rest_route=\/wp\/v2\/posts"}],"about":[{"href":"https:\/\/zonaroja.com.mx\/index.php?rest_route=\/wp\/v2\/types\/post"}],"author":[{"embeddable":true,"href":"https:\/\/zonaroja.com.mx\/index.php?rest_route=\/wp\/v2\/users\/2"}],"replies":[{"embeddable":true,"href":"https:\/\/zonaroja.com.mx\/index.php?rest_route=%2Fwp%2Fv2%2Fcomments&post=62356"}],"version-history":[{"count":1,"href":"https:\/\/zonaroja.com.mx\/index.php?rest_route=\/wp\/v2\/posts\/62356\/revisions"}],"predecessor-version":[{"id":62357,"href":"https:\/\/zonaroja.com.mx\/index.php?rest_route=\/wp\/v2\/posts\/62356\/revisions\/62357"}],"wp:featuredmedia":[{"embeddable":true,"href":"https:\/\/zonaroja.com.mx\/index.php?rest_route=\/wp\/v2\/media\/54456"}],"wp:attachment":[{"href":"https:\/\/zonaroja.com.mx\/index.php?rest_route=%2Fwp%2Fv2%2Fmedia&parent=62356"}],"wp:term":[{"taxonomy":"category","embeddable":true,"href":"https:\/\/zonaroja.com.mx\/index.php?rest_route=%2Fwp%2Fv2%2Fcategories&post=62356"},{"taxonomy":"post_tag","embeddable":true,"href":"https:\/\/zonaroja.com.mx\/index.php?rest_route=%2Fwp%2Fv2%2Ftags&post=62356"}],"curies":[{"name":"wp","href":"https:\/\/api.w.org\/{rel}","templated":true}]}}