{"id":62363,"date":"2023-11-22T10:30:00","date_gmt":"2023-11-22T16:30:00","guid":{"rendered":"http:\/\/www.zonaroja.com.mx\/?p=62363"},"modified":"2023-11-22T07:30:22","modified_gmt":"2023-11-22T13:30:22","slug":"avala-israel-tregua-temporal-para-intercambiar-rehenes-con-palestinos","status":"publish","type":"post","link":"https:\/\/zonaroja.com.mx\/?p=62363","title":{"rendered":"Avala Israel tregua temporal para intercambiar rehenes con palestinos"},"content":{"rendered":"\n<p>Redacci\u00f3n\/Zona Roja Cdmx.<\/p>\n\n\n\n<p>Ciudad de M\u00e9xico, a 22 de noviembre de 2023.- El gobierno de Israel aprob\u00f3 en la madrugada de este mi\u00e9rcoles un acuerdo para un alto al fuego temporal con el Movimiento de Resistencia Isl\u00e1mica (Hamas) en la franja de Gaza que implicar\u00eda el intercambio de rehenes retenidos por las milicias palestinas a cambio de detenidos palestinos en c\u00e1rceles israel\u00edes.<\/p>\n\n\n\n<p>Al inicio de la reuni\u00f3n del gabinete, el primer ministro israel\u00ed, Benjam\u00edn Netanyahu, afirm\u00f3 que el acuerdo incluye visitas de la Cruz Roja a los rehenes que no ser\u00e1n liberados, as\u00ed como medicamentos.<\/p>\n\n\n\n<p>Adem\u00e1s, agreg\u00f3 que esta tregua no significa el fin de la ofensiva israel\u00ed en el enclave.<\/p>\n\n\n\n<p>\u00abNo detendremos la guerra despu\u00e9s del alto el fuego (&#8230;) Es una tonter\u00eda sugerir que detendremos la guerra despu\u00e9s del alto el fuego para devolver a los rehenes. Me gustar\u00eda dejarlo claro: estamos en guerra y continuaremos la guerra hasta que logremos todos nuestros objetivos: eliminar a Hamas, devolver a todos los rehenes y desaparecidos y garantizar que no habr\u00e1 ninguna amenaza para Israel en Gaza\u00bb, manifest\u00f3.<\/p>\n\n\n\n<p>Al menos 50 rehenes ser\u00e1n liberados en Gaza, despu\u00e9s de que el gobierno israel\u00ed y el movimiento Hamas alcanzaron un acuerdo que establece una tregua de cuatro d\u00edas, la excarcerlaci\u00f3n de 150 palestinos y la entrada de cientos de camiones con ayuda humanitaria a la devastada franja.<\/p>\n\n\n\n<p>El pacto, mediado por Qatar, Egipto y Estados Unidos, establece que se sumar\u00e1 un d\u00eda m\u00e1s a la tregua por cada 10 rehenes liberados adicionales.<\/p>\n\n\n\n<p>Se espera para ma\u00f1ana la primera liberaci\u00f3n a trav\u00e9s del cruce fronterizo de Raf\u00e1 con territorio egipcio.<\/p>\n\n\n\n<p>(Informaci\u00f3n de agencias en \u201cLa Jornada\u201d)<\/p>\n","protected":false},"excerpt":{"rendered":"<p>Redacci\u00f3n\/Zona Roja Cdmx. Ciudad de M\u00e9xico, a 22 de noviembre de 2023.- El gobierno de&hellip;<\/p>\n","protected":false},"author":2,"featured_media":62364,"comment_status":"closed","ping_status":"open","sticky":false,"template":"","format":"standard","meta":{"_lmt_disableupdate":"","_lmt_disable":"","_jetpack_memberships_contains_paid_content":false,"footnotes":""},"categories":[109,47],"tags":[2668],"class_list":["post-62363","post","type-post","status-publish","format-standard","has-post-thumbnail","hentry","category-minuto-a-minuto","category-zona-gris","tag-conflicto-gaza-israel"],"jetpack_featured_media_url":"https:\/\/zonaroja.com.mx\/wp-content\/uploads\/2023\/11\/Franja-de-Gaza-Israel.webp","jetpack_sharing_enabled":true,"_links":{"self":[{"href":"https:\/\/zonaroja.com.mx\/index.php?rest_route=\/wp\/v2\/posts\/62363","targetHints":{"allow":["GET"]}}],"collection":[{"href":"https:\/\/zonaroja.com.mx\/index.php?rest_route=\/wp\/v2\/posts"}],"about":[{"href":"https:\/\/zonaroja.com.mx\/index.php?rest_route=\/wp\/v2\/types\/post"}],"author":[{"embeddable":true,"href":"https:\/\/zonaroja.com.mx\/index.php?rest_route=\/wp\/v2\/users\/2"}],"replies":[{"embeddable":true,"href":"https:\/\/zonaroja.com.mx\/index.php?rest_route=%2Fwp%2Fv2%2Fcomments&post=62363"}],"version-history":[{"count":1,"href":"https:\/\/zonaroja.com.mx\/index.php?rest_route=\/wp\/v2\/posts\/62363\/revisions"}],"predecessor-version":[{"id":62365,"href":"https:\/\/zonaroja.com.mx\/index.php?rest_route=\/wp\/v2\/posts\/62363\/revisions\/62365"}],"wp:featuredmedia":[{"embeddable":true,"href":"https:\/\/zonaroja.com.mx\/index.php?rest_route=\/wp\/v2\/media\/62364"}],"wp:attachment":[{"href":"https:\/\/zonaroja.com.mx\/index.php?rest_route=%2Fwp%2Fv2%2Fmedia&parent=62363"}],"wp:term":[{"taxonomy":"category","embeddable":true,"href":"https:\/\/zonaroja.com.mx\/index.php?rest_route=%2Fwp%2Fv2%2Fcategories&post=62363"},{"taxonomy":"post_tag","embeddable":true,"href":"https:\/\/zonaroja.com.mx\/index.php?rest_route=%2Fwp%2Fv2%2Ftags&post=62363"}],"curies":[{"name":"wp","href":"https:\/\/api.w.org\/{rel}","templated":true}]}}