{"id":62366,"date":"2023-11-22T11:30:00","date_gmt":"2023-11-22T17:30:00","guid":{"rendered":"http:\/\/www.zonaroja.com.mx\/?p=62366"},"modified":"2023-11-22T07:45:55","modified_gmt":"2023-11-22T13:45:55","slug":"detienen-a-sujeto-acusado-de-doble-homicido-en-san-juan-juquila-mixe","status":"publish","type":"post","link":"https:\/\/zonaroja.com.mx\/?p=62366","title":{"rendered":"Detienen a sujeto acusado de doble homicido en San Juan Juquila Mixe"},"content":{"rendered":"\n<p>Redacci\u00f3n\/Zona Roja.&nbsp;<\/p>\n\n\n\n<p>Oaxaca de Ju\u00e1rez, Oax., a 21 de noviembre de 2023.- La Fiscal\u00eda General del Estado de Oaxaca (FGEO) ejecut\u00f3 una orden de aprehensi\u00f3n con la que fue posible la detenci\u00f3n de una persona del sexo masculino identificada como J. F. P., por el delito de Homicidio Calificado con Ventaja cometido en agravio de dos personas.<\/p>\n\n\n\n<p>De acuerdo con el expediente penal del caso, el 4 de abril de 2023, las v\u00edctimas se encontraban en el paraje conocido como \u201cLas Salinas\u201d, en la agencia Guadalupe Victoria, perteneciente al municipio de San Juan Juquila Mixe.<\/p>\n\n\n\n<p>Al sitio, arribaron personas, entre las que presumiblemente se encontraba el imputado, quienes dispararon contra dos hombres identificados como J. F. C. y M. R. C., quienes resultaron con severas lesiones a consecuencia de las cuales perdieron la vida.<\/p>\n\n\n\n<p>La Fiscal\u00eda de Oaxaca tom\u00f3 conocimiento de los hechos e inici\u00f3 las investigaciones correspondientes a trav\u00e9s de la Direcci\u00f3n de Averiguaciones Previas y Procesos, que implement\u00f3 los protocolos de actuaci\u00f3n en torno a delitos de alto impacto con los que obtuvo resultados que permitieron la obtenci\u00f3n de una orden de aprehensi\u00f3n.<\/p>\n\n\n\n<p>Elementos de la Agencia Estatal de Investigaciones (AEI) localizaron al imputado J. F. P. a quien detuvieron para dar cumplimiento al mandato judicial y lo pusieron a disposici\u00f3n de la autoridad ministerial correspondiente para que se resuelva su situaci\u00f3n jur\u00eddica en las pr\u00f3ximas horas.&nbsp;<\/p>\n\n\n\n<p>La actuaci\u00f3n ministerial respaldada con los resultados de las pruebas cient\u00edfica y periciales que realiza la Fiscal\u00eda de Oaxaca, a trav\u00e9s de las diferentes \u00e1reas de especializaci\u00f3n, hace m\u00e1s eficientes las labores en torno a la procuraci\u00f3n de justicia a favor de las v\u00edctimas.<\/p>\n","protected":false},"excerpt":{"rendered":"<p>Redacci\u00f3n\/Zona Roja.&nbsp; Oaxaca de Ju\u00e1rez, Oax., a 21 de noviembre de 2023.- La Fiscal\u00eda General&hellip;<\/p>\n","protected":false},"author":2,"featured_media":48872,"comment_status":"closed","ping_status":"open","sticky":false,"template":"","format":"standard","meta":{"_lmt_disableupdate":"","_lmt_disable":"","_jetpack_memberships_contains_paid_content":false,"footnotes":""},"categories":[109,47],"tags":[494],"class_list":["post-62366","post","type-post","status-publish","format-standard","has-post-thumbnail","hentry","category-minuto-a-minuto","category-zona-gris","tag-fiscalia-general-del-estado-de-oaxaca"],"jetpack_featured_media_url":"https:\/\/zonaroja.com.mx\/wp-content\/uploads\/2022\/12\/Detenido-detencion-aprehension.jpg","jetpack_sharing_enabled":true,"_links":{"self":[{"href":"https:\/\/zonaroja.com.mx\/index.php?rest_route=\/wp\/v2\/posts\/62366","targetHints":{"allow":["GET"]}}],"collection":[{"href":"https:\/\/zonaroja.com.mx\/index.php?rest_route=\/wp\/v2\/posts"}],"about":[{"href":"https:\/\/zonaroja.com.mx\/index.php?rest_route=\/wp\/v2\/types\/post"}],"author":[{"embeddable":true,"href":"https:\/\/zonaroja.com.mx\/index.php?rest_route=\/wp\/v2\/users\/2"}],"replies":[{"embeddable":true,"href":"https:\/\/zonaroja.com.mx\/index.php?rest_route=%2Fwp%2Fv2%2Fcomments&post=62366"}],"version-history":[{"count":1,"href":"https:\/\/zonaroja.com.mx\/index.php?rest_route=\/wp\/v2\/posts\/62366\/revisions"}],"predecessor-version":[{"id":62367,"href":"https:\/\/zonaroja.com.mx\/index.php?rest_route=\/wp\/v2\/posts\/62366\/revisions\/62367"}],"wp:featuredmedia":[{"embeddable":true,"href":"https:\/\/zonaroja.com.mx\/index.php?rest_route=\/wp\/v2\/media\/48872"}],"wp:attachment":[{"href":"https:\/\/zonaroja.com.mx\/index.php?rest_route=%2Fwp%2Fv2%2Fmedia&parent=62366"}],"wp:term":[{"taxonomy":"category","embeddable":true,"href":"https:\/\/zonaroja.com.mx\/index.php?rest_route=%2Fwp%2Fv2%2Fcategories&post=62366"},{"taxonomy":"post_tag","embeddable":true,"href":"https:\/\/zonaroja.com.mx\/index.php?rest_route=%2Fwp%2Fv2%2Ftags&post=62366"}],"curies":[{"name":"wp","href":"https:\/\/api.w.org\/{rel}","templated":true}]}}