{"id":62368,"date":"2023-11-22T12:50:00","date_gmt":"2023-11-22T18:50:00","guid":{"rendered":"http:\/\/www.zonaroja.com.mx\/?p=62368"},"modified":"2023-11-22T07:52:01","modified_gmt":"2023-11-22T13:52:01","slug":"juan-de-vendedor-de-frutas-en-las-calles-de-juchitan-a-doctor-en-matematicas","status":"publish","type":"post","link":"https:\/\/zonaroja.com.mx\/?p=62368","title":{"rendered":"Juan, de vendedor de frutas en las calles de Juchit\u00e1n a doctor en Matem\u00e1ticas"},"content":{"rendered":"\n<p>Redacci\u00f3n\/Zona Roja.<\/p>\n\n\n\n<p>Oaxaca de Ju\u00e1rez, Oax., a 22 de noviembre de 2023.- Juan V\u00e1squez Aquino conoci\u00f3 la pobreza y la tragedia a muy corta edad en su barrio natal, la Novena Secci\u00f3n de Juchit\u00e1n (Cheguigu guete\u00b4).\u00a0<\/p>\n\n\n\n<p>Su padre muri\u00f3 cuando \u00e9l apenas ten\u00eda cuatro a\u00f1os de edad. La vida para la familia dio un vuelco y para afrontar la realidad tuvo que salir a vender frutas y verduras en las calles de la ciudad.<\/p>\n\n\n\n<p>En su casa se habla en zapoteco, y se siente muy orgulloso de que sea su lengua madre. Su mam\u00e1, Na Mar\u00eda xhi\u00f1i (hija de) Na Chica bichoxhe tuvo que jugar el rol de padre y madre para sus hijos. No sabe leer y su modo de subsistencia es la producci\u00f3n de totopo. La escasez de recursos le dio una infancia muy dura, pero tambi\u00e9n de muy gratos recuerdos.<\/p>\n\n\n\n<p>\u201cCuando ni\u00f1o no me gustaba ir a la escuela, no me gustaba hacer tareas escolares y mucho menos me gustaban las matem\u00e1ticas\u201d, platica Juan.&nbsp;<\/p>\n\n\n\n<p>Hoy reconoce que el miedo era m\u00e1s por falta de conocimiento sobre ellas que por falta de habilidades. Su madre se vio en la necesidad de imponer&nbsp;condiciones&nbsp;estrictas que se mantuvieron desde la primaria hasta la&nbsp;universidad: no reprobar, no tomar y no fumar.&nbsp;<\/p>\n\n\n\n<p>Hoy agradece la firmeza de su madre porque gracias a esas&nbsp;duras reglas hoy est\u00e1 por concluir su post doctorado en matem\u00e1ticas.<\/p>\n\n\n\n<p>\u201cMEDIO RARO\u00bb<\/p>\n\n\n\n<p>\u201cLa gente piensa que por ser matem\u00e1tico soy un poco raro, una especie de ni\u00f1o genio, pero fui un alumno promedio, ni siquiera el m\u00e1s destacado y, en un principio, me llam\u00f3 mucho la atenci\u00f3n ser un ingeniero el\u00e9ctrico y trabajar en una empresa e\u00f3lica.\u201d&nbsp;Ese deseo lo llev\u00f3 a buscar un bachillerato orientado en ese sentido, por lo que se fue a estudiar a Ciudad Ixtepec.&nbsp;<\/p>\n\n\n\n<p>Estando ah\u00ed empez\u00f3 a descubrir que ten\u00eda capacidades que no conoc\u00eda y ah\u00ed cambi\u00f3 su visi\u00f3n puesto que se interes\u00f3 por la F\u00edsica, sin embargo, su realidad lo enfrent\u00f3 una vez m\u00e1s: no ten\u00eda los recursos para irse a la Ciudad de M\u00e9xico y entrar&nbsp;a la UNAM a pesar de que la situaci\u00f3n familiar hab\u00eda mejorado al paso de los a\u00f1os.<\/p>\n\n\n\n<p>Durante su bachillerato tuvo un buen profesor que le dio buenos consejos y le hizo ver que ten\u00eda la capacidad de resolver problemas complejos por su cuenta. Esto le quit\u00f3 el miedo, primero a la F\u00edsica, y despu\u00e9s a las matem\u00e1ticas, ambos campos considerados muy complejos en las ciencias naturales.<\/p>\n\n\n\n<p>Al no poder emigrar a la Ciudad de M\u00e9xico, encontr\u00f3 en la Universidad del Istmo, en el campus Tehuantepec, una oportunidad. Se abri\u00f3 la Licenciatura en Matem\u00e1ticas Aplicadas y, casi por inercia, se matricul\u00f3 para formar parte de la primera, y muy peque\u00f1a, generaci\u00f3n de alumnos.<\/p>\n\n\n\n<p>Las matem\u00e1ticas son el lenguaje del universo, el mayor avance de la civilizaci\u00f3n, y Juan tiene la capacidad de entenderlo, estudiarlo y aplicarlo. \u00c9l nos dice que \u201calgunas \u00e1reas de las matem\u00e1ticas se dedican a investigar soluciones a los problemas del mundo, como el estudio de la meteorolog\u00eda, los modelos epidemiol\u00f3gicos como los que se aplicaron durante la pandemia de Covid-19, las ingenier\u00edas, la biolog\u00eda o las comunicaciones. A este campo se les llama \u201cMatem\u00e1ticas Aplicadas\u201d.<\/p>\n\n\n\n<p>MATEM\u00c1TICAS PURAS<\/p>\n\n\n\n<p>Pero \u00e9l, al momento de continuar con sus estudios para obtener una maestr\u00eda, eligi\u00f3 el campo de las \u201cMatem\u00e1ticas Puras\u201d que es un campo en donde los matem\u00e1ticos demuestran o resuelven problemas dentro de las mismas matem\u00e1ticas. Estas matem\u00e1ticas, las puras, son su pasi\u00f3n y su campo de especializaci\u00f3n se llama Geometr\u00eda Algebraica.<\/p>\n\n\n\n<p>La Geometr\u00eda Algebraica es un campo de las matem\u00e1ticas que se enfoca en entender las soluciones de ecuaciones polin\u00f3micas y sus propiedades geom\u00e9tricas. &nbsp;Como matem\u00e1tico especializado en Geometr\u00eda Algebraica, trabaja&nbsp;con&nbsp;f\u00f3rmulas y&nbsp;ecuaciones &nbsp;para &nbsp;entender &nbsp;y &nbsp;describir &nbsp;las &nbsp;formas &nbsp;geom\u00e9tricas &nbsp;que representan. &nbsp;<\/p>\n\n\n\n<p>Sus estudios de postgrado los realiza en el CIMAT, Centro de Investigaci\u00f3n en&nbsp;Matem\u00e1ticas, en&nbsp;el campus Zacatecas gracias a que pudo obtener una beca del Conacyt.&nbsp;<\/p>\n\n\n\n<p>Su Doctorado fue realizado con base a un proyecto para estudiar las propiedades geom\u00e9tricas de un espacio que clasifica curvas planas utilizando una herramienta llamada Teor\u00eda de Invariantes Geom\u00e9tricos.<\/p>\n\n\n\n<p>Su alto nivel acad\u00e9mico y el trabajo que realiza en conjunto con otros investigadores lo ha llevado a presentar \u201cpapers\u201d (ensayos) para su publicaci\u00f3n en revistas especializadas en matem\u00e1ticas a nivel internacional, a dar clases y a ser asesor en la elaboraci\u00f3n de tesis de otros estudiantes.<\/p>\n\n\n\n<p>El producto de sus investigaciones puede tener aplicaciones en diversas \u00e1reas, como la F\u00edsica Te\u00f3rica, la criptograf\u00eda y la ingenier\u00eda ayudando a resolver problemas que van desde la seguridad en internet hasta entender las propiedades fundamentales en el espacio y el tiempo en la F\u00edsica.<\/p>\n\n\n\n<p>Pero no es todo. A pesar de sus habilidades de abstracci\u00f3n ha vivido situaciones de discriminaci\u00f3n por su origen y su entonaci\u00f3n al hablar el espa\u00f1ol dado que es su segunda lengua. En lugar de amilanarse,&nbsp;se ha involucrado en la revitalizaci\u00f3n de las lenguas originarias de M\u00e9xico, principalmente el Zapoteco (Didxaz\u00e1) y ha abierto canales en plataformas como Facebook, TikTok y Youtube para difundirlas.&nbsp;<\/p>\n\n\n\n<p>En lugar de sentirse avergonzado por su origen, el Doctor en Ciencias con Orientaci\u00f3n en Matem\u00e1ticas B\u00e1sicas, Juan V\u00e1squez Aquino, est\u00e1 orgulloso de sus ra\u00edces. Actualmente realiza una estancia postdoctoral Conachyt en la Universidad Aut\u00f3noma de Zacatecas.<\/p>\n\n\n\n<p>(Colaboraci\u00f3n de N\u00e9stor Y. S\u00e1nchez y Javier Flores Toledo)<\/p>\n\n\n\n<p><a href=\"mailto:nestoryuri@yahoo.com\">nestoryuri@yahoo.com<\/a><\/p>\n","protected":false},"excerpt":{"rendered":"<p>Redacci\u00f3n\/Zona Roja. Oaxaca de Ju\u00e1rez, Oax., a 22 de noviembre de 2023.- Juan V\u00e1squez Aquino&hellip;<\/p>\n","protected":false},"author":2,"featured_media":62335,"comment_status":"closed","ping_status":"open","sticky":false,"template":"","format":"standard","meta":{"_lmt_disableupdate":"","_lmt_disable":"","_jetpack_memberships_contains_paid_content":false,"footnotes":""},"categories":[109,46],"tags":[],"class_list":["post-62368","post","type-post","status-publish","format-standard","has-post-thumbnail","hentry","category-minuto-a-minuto","category-zona-blanca"],"jetpack_featured_media_url":"https:\/\/zonaroja.com.mx\/wp-content\/uploads\/2023\/11\/Juan-matemarico-Juchitan.jpg","jetpack_sharing_enabled":true,"_links":{"self":[{"href":"https:\/\/zonaroja.com.mx\/index.php?rest_route=\/wp\/v2\/posts\/62368","targetHints":{"allow":["GET"]}}],"collection":[{"href":"https:\/\/zonaroja.com.mx\/index.php?rest_route=\/wp\/v2\/posts"}],"about":[{"href":"https:\/\/zonaroja.com.mx\/index.php?rest_route=\/wp\/v2\/types\/post"}],"author":[{"embeddable":true,"href":"https:\/\/zonaroja.com.mx\/index.php?rest_route=\/wp\/v2\/users\/2"}],"replies":[{"embeddable":true,"href":"https:\/\/zonaroja.com.mx\/index.php?rest_route=%2Fwp%2Fv2%2Fcomments&post=62368"}],"version-history":[{"count":1,"href":"https:\/\/zonaroja.com.mx\/index.php?rest_route=\/wp\/v2\/posts\/62368\/revisions"}],"predecessor-version":[{"id":62369,"href":"https:\/\/zonaroja.com.mx\/index.php?rest_route=\/wp\/v2\/posts\/62368\/revisions\/62369"}],"wp:featuredmedia":[{"embeddable":true,"href":"https:\/\/zonaroja.com.mx\/index.php?rest_route=\/wp\/v2\/media\/62335"}],"wp:attachment":[{"href":"https:\/\/zonaroja.com.mx\/index.php?rest_route=%2Fwp%2Fv2%2Fmedia&parent=62368"}],"wp:term":[{"taxonomy":"category","embeddable":true,"href":"https:\/\/zonaroja.com.mx\/index.php?rest_route=%2Fwp%2Fv2%2Fcategories&post=62368"},{"taxonomy":"post_tag","embeddable":true,"href":"https:\/\/zonaroja.com.mx\/index.php?rest_route=%2Fwp%2Fv2%2Ftags&post=62368"}],"curies":[{"name":"wp","href":"https:\/\/api.w.org\/{rel}","templated":true}]}}