{"id":62370,"date":"2023-11-22T07:59:51","date_gmt":"2023-11-22T13:59:51","guid":{"rendered":"http:\/\/www.zonaroja.com.mx\/?p=62370"},"modified":"2023-11-22T07:59:54","modified_gmt":"2023-11-22T13:59:54","slug":"asciende-a-12-el-numero-fallecidos-por-accidente-de-autobus-en-veracruz","status":"publish","type":"post","link":"https:\/\/zonaroja.com.mx\/?p=62370","title":{"rendered":"Asciende a 12 el n\u00famero fallecidos por accidente de autob\u00fas en Veracruz"},"content":{"rendered":"\n<p>Redacci\u00f3n\/Zona Roja Cdmx.<\/p>\n\n\n\n<p>Ciudad de M\u00e9xico, a 22 de noviembre de 2023.- Al menos 12 personas murieron y otras 58 resultaron heridas el martes al volcar un autob\u00fas de pasajeros en el estado de Veracruz, en el este de M\u00e9xico, inform\u00f3 el gobierno del estado en sus redes sociales.<\/p>\n\n\n\n<p>El accidente tuvo lugar de madrugada en la carretera que va de La Tinaja a Acayucan, una ruta muy transitada por veh\u00edculos que viajan del sur al centro o al norte del pa\u00eds. Seg\u00fan las fotograf\u00edas publicadas en redes sociales, el veh\u00edculo volc\u00f3 al cruzar un peque\u00f1o puente y cay\u00f3 a una hondonada.<\/p>\n\n\n\n<p>La Secretar\u00eda de Protecci\u00f3n Civil dijo por la misma red social que el \u00abautob\u00fas de turismo sali\u00f3 de la carretera antes de llegar a la caseta de Cosamaloapan\u00bb.<\/p>\n\n\n\n<p>Las autoridades ofrecieron inicialmente informaci\u00f3n sobre la causa del accidente o la identidad de las v\u00edctimas, ni aclararon si se trataba de migrantes.<\/p>\n\n\n\n<p>El operador, presuntamente, se habr\u00eda quedado dormido; aunque tampoco se descarta la posibilidad de que el autob\u00fas haya sufrido una falla mec\u00e1nica.<\/p>\n\n\n\n<p>Los cuerpos fueron trasladados al Servicio M\u00e9dico Forense (Semefo) y el autob\u00fas remolcado a un corral\u00f3n, en espera de que la FGE concluya las investigaciones.<\/p>\n\n\n\n<p>Se sabe que el autob\u00fas proven\u00eda del estado de Chiapas y ten\u00eda como destino Tlaxcala, en un viaje de m\u00e1s de 730 kil\u00f3mteros (10 horas).<\/p>\n\n\n\n<p>(Informaci\u00f3n de agencias)<\/p>\n","protected":false},"excerpt":{"rendered":"<p>Redacci\u00f3n\/Zona Roja Cdmx. Ciudad de M\u00e9xico, a 22 de noviembre de 2023.- Al menos 12&hellip;<\/p>\n","protected":false},"author":2,"featured_media":62373,"comment_status":"closed","ping_status":"open","sticky":false,"template":"","format":"standard","meta":{"_lmt_disableupdate":"","_lmt_disable":"","_jetpack_memberships_contains_paid_content":false,"footnotes":""},"categories":[109,47],"tags":[],"class_list":["post-62370","post","type-post","status-publish","format-standard","has-post-thumbnail","hentry","category-minuto-a-minuto","category-zona-gris"],"jetpack_featured_media_url":"https:\/\/zonaroja.com.mx\/wp-content\/uploads\/2023\/11\/Volcadura-autobus-Veracruz.jpg","jetpack_sharing_enabled":true,"_links":{"self":[{"href":"https:\/\/zonaroja.com.mx\/index.php?rest_route=\/wp\/v2\/posts\/62370","targetHints":{"allow":["GET"]}}],"collection":[{"href":"https:\/\/zonaroja.com.mx\/index.php?rest_route=\/wp\/v2\/posts"}],"about":[{"href":"https:\/\/zonaroja.com.mx\/index.php?rest_route=\/wp\/v2\/types\/post"}],"author":[{"embeddable":true,"href":"https:\/\/zonaroja.com.mx\/index.php?rest_route=\/wp\/v2\/users\/2"}],"replies":[{"embeddable":true,"href":"https:\/\/zonaroja.com.mx\/index.php?rest_route=%2Fwp%2Fv2%2Fcomments&post=62370"}],"version-history":[{"count":1,"href":"https:\/\/zonaroja.com.mx\/index.php?rest_route=\/wp\/v2\/posts\/62370\/revisions"}],"predecessor-version":[{"id":62374,"href":"https:\/\/zonaroja.com.mx\/index.php?rest_route=\/wp\/v2\/posts\/62370\/revisions\/62374"}],"wp:featuredmedia":[{"embeddable":true,"href":"https:\/\/zonaroja.com.mx\/index.php?rest_route=\/wp\/v2\/media\/62373"}],"wp:attachment":[{"href":"https:\/\/zonaroja.com.mx\/index.php?rest_route=%2Fwp%2Fv2%2Fmedia&parent=62370"}],"wp:term":[{"taxonomy":"category","embeddable":true,"href":"https:\/\/zonaroja.com.mx\/index.php?rest_route=%2Fwp%2Fv2%2Fcategories&post=62370"},{"taxonomy":"post_tag","embeddable":true,"href":"https:\/\/zonaroja.com.mx\/index.php?rest_route=%2Fwp%2Fv2%2Ftags&post=62370"}],"curies":[{"name":"wp","href":"https:\/\/api.w.org\/{rel}","templated":true}]}}