{"id":62377,"date":"2023-11-22T19:10:06","date_gmt":"2023-11-23T01:10:06","guid":{"rendered":"http:\/\/www.zonaroja.com.mx\/?p=62377"},"modified":"2023-11-22T19:10:07","modified_gmt":"2023-11-23T01:10:07","slug":"emboscan-y-matan-a-balazos-a-dos-personas-en-la-mixteca-hay-varios-heridos","status":"publish","type":"post","link":"https:\/\/zonaroja.com.mx\/?p=62377","title":{"rendered":"Emboscan y matan a balazos a dos personas en la Mixteca; hay varios heridos"},"content":{"rendered":"\n<p>Ismael Garc\u00eda M.\/Zona Roja.<\/p>\n\n\n\n<p>Oaxaca de Ju\u00e1rez, Oax., a 22 de noviembre de 2023.- Elementos de la Guardia Nacional y de la Agencia Estatal de Investigaciones (AEI) fueron emboscados a balazos en San Miguel El Grande, municipio de la regi\u00f3n Mixteca de Oaxaca, con saldo preliminar de dos fallecidos y varios heridos.<\/p>\n\n\n\n<p>Los hechos ocurrieron poco despu\u00e9s de las 16:00 horas de este mi\u00e9rcoles a la altura del paraje \u201cSantuario de las Aves\u201d, donde fueron atacados a balazos los oficiales y donde perdieron presuntamente dos integrantes de la AEI, dependiente de la Fiscal\u00eda General del Estado de Oaxaca, lo cual no ha sido confirmado oficialmente.<\/p>\n\n\n\n<p>Las v\u00edctimas fueron identificadas de manera preliminar como Gabriel C. O. y Rom\u00e1n C. M., en tanto que hasta el momento no se ha identificado el n\u00famero de lesionados.<\/p>\n\n\n\n<p>Presuntamente el ataque fue por parte de pobladores de la Heroica Ciudad de Tlaxiaco, en el marco de un conflicto agrario que tienen comunidades de ambos municipios.<\/p>\n","protected":false},"excerpt":{"rendered":"<p>Ismael Garc\u00eda M.\/Zona Roja. Oaxaca de Ju\u00e1rez, Oax., a 22 de noviembre de 2023.- Elementos&hellip;<\/p>\n","protected":false},"author":2,"featured_media":18320,"comment_status":"closed","ping_status":"open","sticky":false,"template":"","format":"standard","meta":{"_lmt_disableupdate":"","_lmt_disable":"","_jetpack_memberships_contains_paid_content":false,"footnotes":""},"categories":[109,51],"tags":[3475],"class_list":["post-62377","post","type-post","status-publish","format-standard","has-post-thumbnail","hentry","category-minuto-a-minuto","category-zona-roja","tag-san-miguel-el-grande"],"jetpack_featured_media_url":"https:\/\/zonaroja.com.mx\/wp-content\/uploads\/2020\/10\/Escena-del-crimen2.jpg","jetpack_sharing_enabled":true,"_links":{"self":[{"href":"https:\/\/zonaroja.com.mx\/index.php?rest_route=\/wp\/v2\/posts\/62377","targetHints":{"allow":["GET"]}}],"collection":[{"href":"https:\/\/zonaroja.com.mx\/index.php?rest_route=\/wp\/v2\/posts"}],"about":[{"href":"https:\/\/zonaroja.com.mx\/index.php?rest_route=\/wp\/v2\/types\/post"}],"author":[{"embeddable":true,"href":"https:\/\/zonaroja.com.mx\/index.php?rest_route=\/wp\/v2\/users\/2"}],"replies":[{"embeddable":true,"href":"https:\/\/zonaroja.com.mx\/index.php?rest_route=%2Fwp%2Fv2%2Fcomments&post=62377"}],"version-history":[{"count":1,"href":"https:\/\/zonaroja.com.mx\/index.php?rest_route=\/wp\/v2\/posts\/62377\/revisions"}],"predecessor-version":[{"id":62378,"href":"https:\/\/zonaroja.com.mx\/index.php?rest_route=\/wp\/v2\/posts\/62377\/revisions\/62378"}],"wp:featuredmedia":[{"embeddable":true,"href":"https:\/\/zonaroja.com.mx\/index.php?rest_route=\/wp\/v2\/media\/18320"}],"wp:attachment":[{"href":"https:\/\/zonaroja.com.mx\/index.php?rest_route=%2Fwp%2Fv2%2Fmedia&parent=62377"}],"wp:term":[{"taxonomy":"category","embeddable":true,"href":"https:\/\/zonaroja.com.mx\/index.php?rest_route=%2Fwp%2Fv2%2Fcategories&post=62377"},{"taxonomy":"post_tag","embeddable":true,"href":"https:\/\/zonaroja.com.mx\/index.php?rest_route=%2Fwp%2Fv2%2Ftags&post=62377"}],"curies":[{"name":"wp","href":"https:\/\/api.w.org\/{rel}","templated":true}]}}