{"id":6238,"date":"2019-12-01T07:37:55","date_gmt":"2019-12-01T13:37:55","guid":{"rendered":"http:\/\/www.zonaroja.com.mx\/?p=6238"},"modified":"2019-12-01T07:37:58","modified_gmt":"2019-12-01T13:37:58","slug":"asegura-gobierno-que-fue-sin-incidentes-la-recuperacion-de-el-pedimento","status":"publish","type":"post","link":"https:\/\/zonaroja.com.mx\/?p=6238","title":{"rendered":"Asegura gobierno que fue \u201csin incidentes\u201d la recuperaci\u00f3n de \u201cEl Pedimento\u201d"},"content":{"rendered":"\n<p>Redacci\u00f3n\/Zona Roja.<\/p>\n\n\n\n<p>Oaxaca de Ju\u00e1rez, Oax., 1 de diciembre\nde 2019.- El gobierno de Oaxaca inform\u00f3 que la recuperaci\u00f3n del sitio religioso\nde \u201cEl Pedimento\u201d fue \u201csin incidentes\u201d.<\/p>\n\n\n\n<p>En un comunicado que emiti\u00f3 ayer dijo\nque la Secretar\u00eda de Seguridad P\u00fablica actu\u00f3 ante la denuncia interpuesta por\nlos comerciantes de \u201cEl Pedimento\u201d, \u201cperteneciente al municipio de Santa\nCatarina Juquila\u201d, en el sentido de que un grupo de gente armada los hab\u00eda\ndespojado de este lugar y de sus pertenencias.<\/p>\n\n\n\n<p>Por ello, \u201clos elementos policiacos estatales y federales hicieron acto de presencia a fin de restablecer el orden\u201d.<\/p>\n\n\n\n<figure class=\"wp-block-embed-twitter wp-block-embed is-type-rich is-provider-twitter\"><div class=\"wp-block-embed__wrapper\">\n<div class=\"twitter-tweet\"><blockquote class=\"twitter-tweet\" data-lang=\"es\"><p lang=\"es\" dir=\"ltr\"><a href=\"https:\/\/twitter.com\/hashtag\/OaxacaRojo?src=hash&amp;ref_src=twsrc%5Etfw\">#OaxacaRojo<\/a><br>En un segundo ataque de la <a href=\"https:\/\/twitter.com\/Policia_GobOax?ref_src=twsrc%5Etfw\">@Policia_GobOax<\/a> <a href=\"https:\/\/twitter.com\/SSP_GobOax?ref_src=twsrc%5Etfw\">@SSP_GobOax<\/a> y la <a href=\"https:\/\/twitter.com\/GN_MEXICO_?ref_src=twsrc%5Etfw\">@GN_MEXICO_<\/a> con gas lacrim\u00f3geno en \u201cEl Pedimento\u201d, varias personas lesionadas, entre ellas dos mujeres, Juana Cruz y Hermelinda. <a href=\"https:\/\/twitter.com\/AristeguiOnline?ref_src=twsrc%5Etfw\">@AristeguiOnline<\/a> <a href=\"https:\/\/twitter.com\/julioastillero?ref_src=twsrc%5Etfw\">@julioastillero<\/a> <a href=\"https:\/\/twitter.com\/Reforma?ref_src=twsrc%5Etfw\">@Reforma<\/a> <a href=\"https:\/\/twitter.com\/El_Universal_Mx?ref_src=twsrc%5Etfw\">@El_Universal_Mx<\/a> <a href=\"https:\/\/twitter.com\/LaJornada?ref_src=twsrc%5Etfw\">@LaJornada<\/a> <a href=\"https:\/\/t.co\/YFavWEUERI\">pic.twitter.com\/YFavWEUERI<\/a><\/p>&mdash; Zona Roja Oaxaca (@MexRoja) <a href=\"https:\/\/twitter.com\/MexRoja\/status\/1200874971221770240?ref_src=twsrc%5Etfw\">30 de noviembre de 2019<\/a><\/blockquote><\/div>\n<\/div><\/figure>\n\n\n\n<p>A\u00f1adi\u00f3 que como resultado del operativo\npolic\u00edaco implementado \u201ca petici\u00f3n de las autoridades municipales de Santa\nCatarina Juquila y del Comisariado de Bienes Comunales de este municipio,\nquienes se\u00f1alaron que \u2018El Pedimento\u2019 le pertenece a esta demarcaci\u00f3n, se logr\u00f3\nla recuperaci\u00f3n de este sitio en el que miles de feligreses acuden todo el a\u00f1o,\nprincipalmente en esta temporada\u201d.<\/p>\n\n\n\n<p>Agreg\u00f3 que tanto los elementos de la\nGuardia Nacional, de la Polic\u00eda Preventiva y de Vialidad del Estado, acudieron\ny resguardaron el lugar se\u00f1alado por las autoridades de Bienes Comunales y municipales<\/p>\n\n\n\n<p>\u201cNo obstante, posteriormente personas\nde Santiago Yaitepec procedieron a bloquear la carretera ubicada en el lugar\nconocido como Puente Manteca (sic) por lo que una vez m\u00e1s, los elementos\npolic\u00edacos convocaron a este grupo a liberar esa v\u00eda de comunicaci\u00f3n\u201d.<\/p>\n\n\n\n<p>Por otra parte, acerca de la mujer fallecida, Maximina Carmona Salinas, hasta el momento no hay versi\u00f3n oficial de su deceso; \u00fanicamente opiniones y posturas en redes sociales por parte de algunos periodistas que apoyaban la versi\u00f3n oficial que no hubo deceso por el desalojo policiaco.<\/p>\n\n\n\n<figure class=\"wp-block-embed-twitter wp-block-embed is-type-rich is-provider-twitter\"><div class=\"wp-block-embed__wrapper\">\n<div class=\"twitter-tweet\"><blockquote class=\"twitter-tweet\" data-lang=\"es\"><p lang=\"es\" dir=\"ltr\"><a href=\"https:\/\/twitter.com\/hashtag\/OaxacaRojo?src=hash&amp;ref_src=twsrc%5Etfw\">#OaxacaRojo<\/a><br>Este es el testimonio de Elvira Cruz, la nieta que acompa\u00f1a a do\u00f1a Maximina, que muri\u00f3 tras el desalojo de la Polic\u00eda Estatal y Guardia Nacional en \u201cEl Pedimento\u201d, <a href=\"https:\/\/twitter.com\/hashtag\/Juquila?src=hash&amp;ref_src=twsrc%5Etfw\">#Juquila<\/a>. <a href=\"https:\/\/t.co\/IDD93BmapH\">pic.twitter.com\/IDD93BmapH<\/a><\/p>&mdash; Zona Roja Oaxaca (@MexRoja) <a href=\"https:\/\/twitter.com\/MexRoja\/status\/1200850572317872128?ref_src=twsrc%5Etfw\">30 de noviembre de 2019<\/a><\/blockquote><\/div>\n<\/div><\/figure>\n","protected":false},"excerpt":{"rendered":"<p>Redacci\u00f3n\/Zona Roja. Oaxaca de Ju\u00e1rez, Oax., 1 de diciembre de 2019.- El gobierno de Oaxaca&hellip;<\/p>\n","protected":false},"author":2,"featured_media":6239,"comment_status":"closed","ping_status":"open","sticky":false,"template":"","format":"standard","meta":{"_lmt_disableupdate":"","_lmt_disable":"","_jetpack_memberships_contains_paid_content":false,"footnotes":""},"categories":[109,51],"tags":[556,546],"class_list":["post-6238","post","type-post","status-publish","format-standard","has-post-thumbnail","hentry","category-minuto-a-minuto","category-zona-roja","tag-conflicto-yaitepec-juquila","tag-santiago-yaitepec"],"jetpack_featured_media_url":"https:\/\/zonaroja.com.mx\/wp-content\/uploads\/2019\/12\/Yaitepec-1.jpg","jetpack_sharing_enabled":true,"_links":{"self":[{"href":"https:\/\/zonaroja.com.mx\/index.php?rest_route=\/wp\/v2\/posts\/6238","targetHints":{"allow":["GET"]}}],"collection":[{"href":"https:\/\/zonaroja.com.mx\/index.php?rest_route=\/wp\/v2\/posts"}],"about":[{"href":"https:\/\/zonaroja.com.mx\/index.php?rest_route=\/wp\/v2\/types\/post"}],"author":[{"embeddable":true,"href":"https:\/\/zonaroja.com.mx\/index.php?rest_route=\/wp\/v2\/users\/2"}],"replies":[{"embeddable":true,"href":"https:\/\/zonaroja.com.mx\/index.php?rest_route=%2Fwp%2Fv2%2Fcomments&post=6238"}],"version-history":[{"count":1,"href":"https:\/\/zonaroja.com.mx\/index.php?rest_route=\/wp\/v2\/posts\/6238\/revisions"}],"predecessor-version":[{"id":6240,"href":"https:\/\/zonaroja.com.mx\/index.php?rest_route=\/wp\/v2\/posts\/6238\/revisions\/6240"}],"wp:featuredmedia":[{"embeddable":true,"href":"https:\/\/zonaroja.com.mx\/index.php?rest_route=\/wp\/v2\/media\/6239"}],"wp:attachment":[{"href":"https:\/\/zonaroja.com.mx\/index.php?rest_route=%2Fwp%2Fv2%2Fmedia&parent=6238"}],"wp:term":[{"taxonomy":"category","embeddable":true,"href":"https:\/\/zonaroja.com.mx\/index.php?rest_route=%2Fwp%2Fv2%2Fcategories&post=6238"},{"taxonomy":"post_tag","embeddable":true,"href":"https:\/\/zonaroja.com.mx\/index.php?rest_route=%2Fwp%2Fv2%2Ftags&post=6238"}],"curies":[{"name":"wp","href":"https:\/\/api.w.org\/{rel}","templated":true}]}}