{"id":62382,"date":"2023-11-22T21:39:55","date_gmt":"2023-11-23T03:39:55","guid":{"rendered":"http:\/\/www.zonaroja.com.mx\/?p=62382"},"modified":"2023-11-22T21:39:57","modified_gmt":"2023-11-23T03:39:57","slug":"peticion-de-audiencia-en-palacio-de-gobierno-termina-en-zafarrancho","status":"publish","type":"post","link":"https:\/\/zonaroja.com.mx\/?p=62382","title":{"rendered":"Petici\u00f3n de audiencia en Palacio de Gobierno termina en zafarrancho"},"content":{"rendered":"\n<p>Yuridiana Sosa\/Zona Roja. &nbsp;<\/p>\n\n\n\n<p>Oaxaca de Ju\u00e1rez, Oax., a 22 de noviembre de 2023.- Organizaciones sociales y funcionarios del gobierno de Oaxaca protagonizaron un zafarrancho a la puerta del Palacio de Gobierno, ante la insolencia de empleados de la Secretar\u00eda de Gobierno y prepotencia de los l\u00edderes de organizaciones.&nbsp;<\/p>\n\n\n\n<p>Tras una conferencia de prensa, integrantes de la Coalici\u00f3n de Organizaciones Plurales en Alianza (Copal), exigieron frente al complejo gubernamental una mesa de di\u00e1logo que no fue concedida.&nbsp;<\/p>\n\n\n\n<p>El movimiento de l\u00edderes, entre ellos el ex dirigente de la Secci\u00f3n 59 y Secci\u00f3n 22 del SNTE, Humberto Alcal\u00e1 Betanzos, trat\u00f3 de ser frenado con la intervenci\u00f3n de trabajadores de la Secretar\u00eda de Gobierno encabezados por el Director de la Gesti\u00f3n, \u00c9dgar Gandarillas Alavez, que promet\u00edan una atenci\u00f3n posterior.&nbsp;<\/p>\n\n\n\n<p>Empujones e insultos se registraron entre ambas partes luego de no coincidir en un acuerdo para posponer la cita con el secretario de Gobierno, Jes\u00fas Romero, o funcionarios con poder de decisiones.&nbsp;<\/p>\n\n\n\n<p>CONATO &nbsp;<\/p>\n\n\n\n<p>\u201cYa todos tienen nuestros n\u00fameros&#8230;queremos que nos escuchen para que se regresen a sus pueblos con alguna informaci\u00f3n\u201d, indicaron l\u00edderes de la Copal ante la propuesta de los funcionarios de que les dieran sus n\u00fameros para despu\u00e9s comunicarse con ellos.&nbsp;<\/p>\n\n\n\n<p>El Director de la Gesti\u00f3n, \u00c9dgar Gandarillas Alavez, insisti\u00f3 en resolver el tema afuera de palacio, pero la organizaci\u00f3n trat\u00f3 de imponer su voluntad.&nbsp;<\/p>\n\n\n\n<p>\u201cEntregaste un documento, se le va a dar respuesta\u201d, respondi\u00f3 Gandarillas, a lo que Copal se impuso y advirti\u00f3 que no estaban dispuestos a seguir esperando, pues ya estaban ah\u00ed para ser atendidos.&nbsp;<\/p>\n\n\n\n<p>\u201cSe le va a dar respuesta en tiempo y forma\u201d, dijo el funcionario, pero el l\u00edder de la organizaci\u00f3n insisti\u00f3 en que no se trataba de la primera vez en posponerles una reuni\u00f3n.\u00a0<\/p>\n\n\n\n<figure class=\"wp-block-embed\"><div class=\"wp-block-embed__wrapper\">\nhttps:\/\/x.com\/ZonaRoja_Oaxaca\/status\/1727376639250555065?s=20\n<\/div><\/figure>\n\n\n\n<p>Gandarillas interrumpi\u00f3 la justificaci\u00f3n de los l\u00edderes con un \u201cgracias\u201d (por participar) y trat\u00f3 de retirarse, lo que caus\u00f3 la molestia de los manifestantes.&nbsp;<\/p>\n\n\n\n<p>\u201cQu\u00e9 gracias ni que nada, de aqu\u00ed no se va nadie\u201d, respondi\u00f3 Copal, y uno de sus l\u00edderes le impidi\u00f3 el paso al funcionario.&nbsp;<\/p>\n\n\n\n<p>Tras eso, el resto de los integrantes de la organizaci\u00f3n se agruparon en la puerta, unos para participar en los empujones con servidores p\u00fablicos y otros para separar a los involucrados y evitar los golpes.&nbsp;<\/p>\n\n\n\n<p>&nbsp;\u201cEsto es una burla, como es que no hay gente (para recibirlos), estamos pidiendo una mesa\u201d, exigi\u00f3 una militante de Copal.&nbsp;<\/p>\n\n\n\n<p>ORIGEN VIOLENTO&nbsp;<\/p>\n\n\n\n<p>En diciembre de 2022, a pocos d\u00edas de la llegada del actual gobierno de Salom\u00f3n Cruz, Copal anunci\u00f3 su nacimiento, pero ese mismo d\u00eda, tambi\u00e9n fue protagonista de actos vand\u00e1licos frente al palacio de gobierno.&nbsp;<\/p>\n\n\n\n<p>En conferencia de prensa, el 20 de diciembre, la Coalici\u00f3n de Organizaciones Plurales en Alianza inform\u00f3 que aglutina a 70 organizaciones; entre los l\u00edderes que destacaron fue Humberto Alcal\u00e1, ex integrante de la Secci\u00f3n 22 del SNTE y Domingo Garc\u00eda Mijangos, integrante de la Confederaci\u00f3n de Trabajadores Libertad de M\u00e9xico) y Hugo Jarqu\u00edn, dirigente de ambulantes en la capital. &nbsp;<\/p>\n\n\n\n<p>Tras su anuncio, el grupo de l\u00edderes voltearon y brincaron las vallas que resguardaban el acceso principal del Palacio de gobierno para exigir una reuni\u00f3n con el gobernador.<\/p>\n","protected":false},"excerpt":{"rendered":"<p>Yuridiana Sosa\/Zona Roja. &nbsp; Oaxaca de Ju\u00e1rez, Oax., a 22 de noviembre de 2023.- Organizaciones&hellip;<\/p>\n","protected":false},"author":2,"featured_media":62383,"comment_status":"closed","ping_status":"open","sticky":false,"template":"","format":"standard","meta":{"_lmt_disableupdate":"","_lmt_disable":"","_jetpack_memberships_contains_paid_content":false,"footnotes":""},"categories":[109,47],"tags":[2254],"class_list":["post-62382","post","type-post","status-publish","format-standard","has-post-thumbnail","hentry","category-minuto-a-minuto","category-zona-gris","tag-protestas-y-bloqueos-oaxaca"],"jetpack_featured_media_url":"https:\/\/zonaroja.com.mx\/wp-content\/uploads\/2023\/11\/Zafarranco-Copal-Sego-Palacio-Gobierno.jpg","jetpack_sharing_enabled":true,"_links":{"self":[{"href":"https:\/\/zonaroja.com.mx\/index.php?rest_route=\/wp\/v2\/posts\/62382","targetHints":{"allow":["GET"]}}],"collection":[{"href":"https:\/\/zonaroja.com.mx\/index.php?rest_route=\/wp\/v2\/posts"}],"about":[{"href":"https:\/\/zonaroja.com.mx\/index.php?rest_route=\/wp\/v2\/types\/post"}],"author":[{"embeddable":true,"href":"https:\/\/zonaroja.com.mx\/index.php?rest_route=\/wp\/v2\/users\/2"}],"replies":[{"embeddable":true,"href":"https:\/\/zonaroja.com.mx\/index.php?rest_route=%2Fwp%2Fv2%2Fcomments&post=62382"}],"version-history":[{"count":1,"href":"https:\/\/zonaroja.com.mx\/index.php?rest_route=\/wp\/v2\/posts\/62382\/revisions"}],"predecessor-version":[{"id":62384,"href":"https:\/\/zonaroja.com.mx\/index.php?rest_route=\/wp\/v2\/posts\/62382\/revisions\/62384"}],"wp:featuredmedia":[{"embeddable":true,"href":"https:\/\/zonaroja.com.mx\/index.php?rest_route=\/wp\/v2\/media\/62383"}],"wp:attachment":[{"href":"https:\/\/zonaroja.com.mx\/index.php?rest_route=%2Fwp%2Fv2%2Fmedia&parent=62382"}],"wp:term":[{"taxonomy":"category","embeddable":true,"href":"https:\/\/zonaroja.com.mx\/index.php?rest_route=%2Fwp%2Fv2%2Fcategories&post=62382"},{"taxonomy":"post_tag","embeddable":true,"href":"https:\/\/zonaroja.com.mx\/index.php?rest_route=%2Fwp%2Fv2%2Ftags&post=62382"}],"curies":[{"name":"wp","href":"https:\/\/api.w.org\/{rel}","templated":true}]}}