{"id":62385,"date":"2023-11-22T22:10:29","date_gmt":"2023-11-23T04:10:29","guid":{"rendered":"http:\/\/www.zonaroja.com.mx\/?p=62385"},"modified":"2023-11-22T22:10:30","modified_gmt":"2023-11-23T04:10:30","slug":"con-dedicatoria-a-susana-harp-va-morena-por-gubernatura-de-dos-anos","status":"publish","type":"post","link":"https:\/\/zonaroja.com.mx\/?p=62385","title":{"rendered":"\u00bfCon dedicatoria a Susana Harp?: va Morena por gubernatura de dos a\u00f1os"},"content":{"rendered":"\n<p>Ismael Garc\u00eda M.\/Zona Roja.<\/p>\n\n\n\n<p>Oaxaca de Ju\u00e1rez, Oax., a 22 de noviembre de 2023.- Ante la probabilidad que la pr\u00f3xima gobernadora de Oaxaca sea la actual senadora Susana Harp, la fracci\u00f3n parlamentaria del Congreso del Estado present\u00f3 una reforma constitucional para que la siguiente gubernatura sea de dos a\u00f1os.<\/p>\n\n\n\n<p>Lo anterior bajo el argumento de que con ello se conjuntar\u00edan los procesos comiciales municipales, del Legislativo y del Poder Ejecutivo, as\u00ed como las elecciones federales, seg\u00fan la propuesta turnada hoy a comisiones, durante la sesi\u00f3n ordinaria de la 65 Legislatura.<\/p>\n\n\n\n<p>Se trata de un proyecto de decreto para modificar la fracci\u00f3n 1, base A del art\u00edculo 25 de la Constituci\u00f3n Pol\u00edtica del Estado de Oaxaca, y que en caso de aprobarse, al conjuntar los comicios se ahorrar\u00edan 350 millones de pesos, del presupuesto que se destina anualmente al Instituto Estatal Electoral y de Participaci\u00f3n Ciudadana.<\/p>\n\n\n\n<p>\u201cLas elecciones de Gobernador del Estado, diputados locales y de los ayuntamientos por el r\u00e9gimen de partidos pol\u00edticos y de candidatos independientes, se celebrar\u00e1n de manera concurrente con los comicios federales, mediante sufragio universal, efectivo, libre, secreto y directo, el primer domingo de junio del a\u00f1o que corresponda\u201d, detalla.<\/p>\n\n\n\n<p>Precisa que la reforma, de aprobarse, no ser\u00e1 aplicable al gobernador que est\u00e9 en funciones a la entrada en vigor de la misma, es decir, en este caso Salom\u00f3n Jara Cruz.<\/p>\n\n\n\n<p>\u201cCon la finalidad de cumplir con la presente reforma constitucional y para lograr la concurrencia de la elecci\u00f3n de gobernador o gobernadora con los comicios federales, por \u00fanica ocasi\u00f3n la gobernadora o gobernador que se elija el primer domingo de junio del a\u00f1o 2028, iniciar\u00e1 su periodo el 1 de diciembre de 2028 y concluir\u00e1 el 30 de noviembre de 2030\u201d, se expone en la propuesta.<\/p>\n\n\n\n<p>Con base en la paridad de g\u00e9nero en que se han regido los recientes procesos comiciales, en la siguiente gubernatura deber\u00e1 ser una mujer la candidata independiente o de partidos pol\u00edticos.<\/p>\n\n\n\n<p>Y por Morena, el partido mayoritario, una de las aspirantes ser\u00eda la actual senadora Susana Harp Iturribar\u00eda, que tambi\u00e9n ha expresado su deseo de repetir en el cargo en la C\u00e1mara alta el pr\u00f3ximo a\u00f1o.<\/p>\n","protected":false},"excerpt":{"rendered":"<p>Ismael Garc\u00eda M.\/Zona Roja. Oaxaca de Ju\u00e1rez, Oax., a 22 de noviembre de 2023.- Ante&hellip;<\/p>\n","protected":false},"author":2,"featured_media":62387,"comment_status":"closed","ping_status":"open","sticky":false,"template":"","format":"standard","meta":{"_lmt_disableupdate":"","_lmt_disable":"","_jetpack_memberships_contains_paid_content":false,"footnotes":""},"categories":[109,47],"tags":[2743],"class_list":["post-62385","post","type-post","status-publish","format-standard","has-post-thumbnail","hentry","category-minuto-a-minuto","category-zona-gris","tag-65-legislatura-del-estado-de-oaxaca"],"jetpack_featured_media_url":"https:\/\/zonaroja.com.mx\/wp-content\/uploads\/2023\/11\/Conferencia-Morena-Congreso.jpg","jetpack_sharing_enabled":true,"_links":{"self":[{"href":"https:\/\/zonaroja.com.mx\/index.php?rest_route=\/wp\/v2\/posts\/62385","targetHints":{"allow":["GET"]}}],"collection":[{"href":"https:\/\/zonaroja.com.mx\/index.php?rest_route=\/wp\/v2\/posts"}],"about":[{"href":"https:\/\/zonaroja.com.mx\/index.php?rest_route=\/wp\/v2\/types\/post"}],"author":[{"embeddable":true,"href":"https:\/\/zonaroja.com.mx\/index.php?rest_route=\/wp\/v2\/users\/2"}],"replies":[{"embeddable":true,"href":"https:\/\/zonaroja.com.mx\/index.php?rest_route=%2Fwp%2Fv2%2Fcomments&post=62385"}],"version-history":[{"count":1,"href":"https:\/\/zonaroja.com.mx\/index.php?rest_route=\/wp\/v2\/posts\/62385\/revisions"}],"predecessor-version":[{"id":62388,"href":"https:\/\/zonaroja.com.mx\/index.php?rest_route=\/wp\/v2\/posts\/62385\/revisions\/62388"}],"wp:featuredmedia":[{"embeddable":true,"href":"https:\/\/zonaroja.com.mx\/index.php?rest_route=\/wp\/v2\/media\/62387"}],"wp:attachment":[{"href":"https:\/\/zonaroja.com.mx\/index.php?rest_route=%2Fwp%2Fv2%2Fmedia&parent=62385"}],"wp:term":[{"taxonomy":"category","embeddable":true,"href":"https:\/\/zonaroja.com.mx\/index.php?rest_route=%2Fwp%2Fv2%2Fcategories&post=62385"},{"taxonomy":"post_tag","embeddable":true,"href":"https:\/\/zonaroja.com.mx\/index.php?rest_route=%2Fwp%2Fv2%2Ftags&post=62385"}],"curies":[{"name":"wp","href":"https:\/\/api.w.org\/{rel}","templated":true}]}}