{"id":62391,"date":"2023-11-23T08:30:00","date_gmt":"2023-11-23T14:30:00","guid":{"rendered":"http:\/\/www.zonaroja.com.mx\/?p=62391"},"modified":"2023-11-23T06:48:58","modified_gmt":"2023-11-23T12:48:58","slug":"detienen-en-culiacan-a-presunto-jefe-de-seguridad-de-los-chapitos","status":"publish","type":"post","link":"https:\/\/zonaroja.com.mx\/?p=62391","title":{"rendered":"Detienen en Culiac\u00e1n a presunto jefe de seguridad de \u201cLos Chapitos\u201d"},"content":{"rendered":"\n<p>Redacci\u00f3n\/Zona Roja Cdmx.<\/p>\n\n\n\n<p>Ciudad de M\u00e9xico, a 23 de noviembre de 2023.- El jefe de seguridad del grupo criminal integrado por cuatro hijos del narcotraficante Joaqu\u00edn \u2018El Chapo\u2018 Guzm\u00e1n, conocido como \u2018Los Chapitos\u2018, quien fue detenido este mi\u00e9rcoles por agentes de la Secretar\u00eda de la Defensa Nacional (Sedena) en la ciudad de Culiac\u00e1n, lleg\u00f3 anoche a la Fiscal\u00eda Especializada en Materia de Delincuencia Organizada (Femdo) en Ciudad de M\u00e9xico.<\/p>\n\n\n\n<p>El pistolero, cuyo nombre es N\u00e9stor Isidro Garc\u00eda o N\u00e9stor Isidro P\u00e9rez Salas, y responde al alias de \u2018El Nini\u2018 o el \u2018El 19\u2018, lleg\u00f3 a la Femdo alrededor de las 20:00 horas (02:00 GMT del jueves), un edificio que por ahora es vigilado por agentes del Ej\u00e9rcito mexicano en el centro de la capital.<\/p>\n\n\n\n<p>La Administraci\u00f3n de Control de Drogas de Estados Unidos (DEA) ofrec\u00eda una recompensa de 3 millones de d\u00f3lares (unos 2,7 millones de euros) por el delincuente quien fue capturado en un operativo que se llev\u00f3 cabo este mediod\u00eda en el noroeste de M\u00e9xico, seg\u00fan datos del Registro Nacional de Detenciones de la Secretar\u00eda de Seguridad y Protecci\u00f3n Ciudadana (SSPC) del Gobierno mexicano.<\/p>\n\n\n\n<p>A Garc\u00eda se le atribuye la estrategia del pol\u00e9mico \u2018culiacanazo\u2018, operativo en el que las fuerzas federales arrestaron el 17 de octubre de 2019 a Ovidio Guzm\u00e1n, pero lo liberaron horas despu\u00e9s por actos violentos del C\u00e1rtel de Sinaloa.<\/p>\n\n\n\n<p>Seg\u00fan medios locales, el jefe de seguridad de los hijos de Guzm\u00e1n fue detenido al norte de la ciudad de Culiac\u00e1n y tras su captura fue trasladado al aeropuerto internacional de esta localidad, para abordar un avi\u00f3n del Ej\u00e9rcito mexicano que lo llev\u00f3 a Ciudad de M\u00e9xico.<\/p>\n\n\n\n<p>Ante una posible reacci\u00f3n criminal por la captura del pistolero, agentes de la Guardia Nacional, del Ej\u00e9rcito mexicano y de la Polic\u00eda Estatal vigilan las principales calles de Culiac\u00e1n.<\/p>\n\n\n\n<p>A mediados de septiembre, Ovidio Guzm\u00e1n, detenido tambi\u00e9n en Culiac\u00e1n a inicios de 2023, lleg\u00f3 a Estados Unidos despu\u00e9s de ser extraditado desde M\u00e9xico, luego de estar entre los narcotraficantes m\u00e1s buscados por Washington, por su participaci\u00f3n en el tr\u00e1fico de fentanilo y por lo que enfrenta una serie de cargos federales en diferentes tribunales de aqu\u00e9l pa\u00eds.<\/p>\n\n\n\n<p>El sujeto es el jefe de seguridad de la facci\u00f3n del Cartel de Sinaloa que actualmente comandan Iv\u00e1n Archivaldo y Jes\u00fas Alfredo Guzm\u00e1n Salazar, hijos de Joaqu\u00edn \u2018El Chapo\u2019 Guzm\u00e1n Loera, quien tambi\u00e9n purga una condena en Estados Unidos.<\/p>\n\n\n\n<p>(Informaci\u00f3n de EFE en L\u00f3pez-D\u00f3riga Digital)<\/p>\n","protected":false},"excerpt":{"rendered":"<p>Redacci\u00f3n\/Zona Roja Cdmx. Ciudad de M\u00e9xico, a 23 de noviembre de 2023.- El jefe de&hellip;<\/p>\n","protected":false},"author":2,"featured_media":62395,"comment_status":"closed","ping_status":"open","sticky":false,"template":"","format":"standard","meta":{"_lmt_disableupdate":"","_lmt_disable":"","_jetpack_memberships_contains_paid_content":false,"footnotes":""},"categories":[109,47],"tags":[3736],"class_list":["post-62391","post","type-post","status-publish","format-standard","has-post-thumbnail","hentry","category-minuto-a-minuto","category-zona-gris","tag-nestor-isidro-garcia-el-nini"],"jetpack_featured_media_url":"https:\/\/zonaroja.com.mx\/wp-content\/uploads\/2023\/11\/Nini-detenido-Culiacan-Chapitos.jpeg","jetpack_sharing_enabled":true,"_links":{"self":[{"href":"https:\/\/zonaroja.com.mx\/index.php?rest_route=\/wp\/v2\/posts\/62391","targetHints":{"allow":["GET"]}}],"collection":[{"href":"https:\/\/zonaroja.com.mx\/index.php?rest_route=\/wp\/v2\/posts"}],"about":[{"href":"https:\/\/zonaroja.com.mx\/index.php?rest_route=\/wp\/v2\/types\/post"}],"author":[{"embeddable":true,"href":"https:\/\/zonaroja.com.mx\/index.php?rest_route=\/wp\/v2\/users\/2"}],"replies":[{"embeddable":true,"href":"https:\/\/zonaroja.com.mx\/index.php?rest_route=%2Fwp%2Fv2%2Fcomments&post=62391"}],"version-history":[{"count":1,"href":"https:\/\/zonaroja.com.mx\/index.php?rest_route=\/wp\/v2\/posts\/62391\/revisions"}],"predecessor-version":[{"id":62396,"href":"https:\/\/zonaroja.com.mx\/index.php?rest_route=\/wp\/v2\/posts\/62391\/revisions\/62396"}],"wp:featuredmedia":[{"embeddable":true,"href":"https:\/\/zonaroja.com.mx\/index.php?rest_route=\/wp\/v2\/media\/62395"}],"wp:attachment":[{"href":"https:\/\/zonaroja.com.mx\/index.php?rest_route=%2Fwp%2Fv2%2Fmedia&parent=62391"}],"wp:term":[{"taxonomy":"category","embeddable":true,"href":"https:\/\/zonaroja.com.mx\/index.php?rest_route=%2Fwp%2Fv2%2Fcategories&post=62391"},{"taxonomy":"post_tag","embeddable":true,"href":"https:\/\/zonaroja.com.mx\/index.php?rest_route=%2Fwp%2Fv2%2Ftags&post=62391"}],"curies":[{"name":"wp","href":"https:\/\/api.w.org\/{rel}","templated":true}]}}